{"id":89710,"date":"2016-03-16T07:27:44","date_gmt":"2016-03-16T10:27:44","guid":{"rendered":"http:\/\/senoticias.com.br\/se\/?p=89710"},"modified":"2016-03-17T06:57:40","modified_gmt":"2016-03-17T09:57:40","slug":"89710","status":"publish","type":"post","link":"https:\/\/senoticias.com.br\/se\/89710\/","title":{"rendered":"Pol\u00edcia Federal apreende 780 kg de maconha em Sim\u00e3o Dias"},"content":{"rendered":"<p style=\"text-align: justify;\">Na manh\u00e3 de ontem, 15, Policiais Federais receberam informa\u00e7\u00e3o sobre o transporte de uma grande quantidade de maconha para ser distribu\u00edda no Estado de Sergipe.<\/p>\n<p style=\"text-align: justify;\">Segundo o informe, a droga estaria sendo transportada escondida em um caminh\u00e3o com placas do Estado do Par\u00e1 e escoltada por uma caminhonete com placas de Pernambuco.<\/p>\n<div id=\"attachment_89712\" style=\"width: 608px\" class=\"wp-caption aligncenter\"><a href=\"http:\/\/senoticias.com.br\/se\/wp-content\/uploads\/2016\/03\/PF-e1458124319231.jpeg\"><img loading=\"lazy\" decoding=\"async\" aria-describedby=\"caption-attachment-89712\" class=\"size-full wp-image-89712\" alt=\"vvvvvvvvvvvvvvvvvvvvv\" src=\"http:\/\/senoticias.com.br\/se\/wp-content\/uploads\/2016\/03\/PF-e1458124319231.jpeg\" width=\"598\" height=\"1063\" \/><\/a><p id=\"caption-attachment-89712\" class=\"wp-caption-text\">Pol\u00edcia Federal apreendeu mais de 700 Kg de maconha. (Foto: Pol\u00edcia Federal)<\/p><\/div>\n<p style=\"text-align: justify;\">Assim, os Policiais Federais montaram barreiras nos acessos ao Estado de Sergipe, sendo abordados na rodovia de acesso ao munic\u00edpio de Sim\u00e3o Dias\/SE, um autom\u00f3vel fiat strada de placas PDC 4002, sendo conduzido por FERNANDO OLIVEIRA DE SOUZA, natural de Diadema\/SP, 33 anos e JOAZ VIEIRA BARBOSA, natural de S\u00e3o Paulo\/SP, 39 anos, escoltando um caminh\u00e3o VW placas JUK 8342, conduzido por GUILHERME LUIZ LEAL natural de Medianeira-PR, 23 anos.<\/p>\n<p style=\"text-align: justify;\">Realizada a entrevista com o trio, todos relataram vers\u00f5es desencontradas sobre os motivos de suas viagens at\u00e9 este Estado, raz\u00e3o pela qual foram todos encaminhados at\u00e9 a sede da CPRV\/PM de Sim\u00e3o Dias e executada vistoria na carroceria do caminh\u00e3o, sendo localizados v\u00e1rios tabletes de maconha escondidos, totalizando mais de <strong>786 Kg<\/strong> do entorpecente.<\/p>\n<p style=\"text-align: justify;\">O trio foram todos presos em flagrante e indiciados por tr\u00e1fico il\u00edcito de entorpecentes, sendo em seguida encaminhados \u00e0 Delegacia Plantonista da capital, onde permanecer\u00e3o \u00e0 disposi\u00e7\u00e3o do Ju\u00edzo da Comarca de Sim\u00e3o Dias.<\/p>\n<p style=\"text-align: justify;\"><strong>Acompanhe tamb\u00e9m o SEnot\u00edcias no\u00a0<a href=\"https:\/\/twitter.com\/\" target=\"_blank\">Twitter<\/a>,\u00a0<a href=\"https:\/\/www.facebook.com\/senoticias1\/\" target=\"_blank\">Facebook<\/a>\u00a0e no\u00a0<a href=\"https:\/\/www.instagram.com\/\" target=\"_blank\">Instagram<\/a><\/strong><\/p>\n<p style=\"text-align: justify;\"><em>Informa\u00e7\u00f5es da Pol\u00edcia Federal\/Sergipe<\/em><\/p>\n","protected":false},"excerpt":{"rendered":"<p>Na manh\u00e3 de ontem, 15, Policiais Federais receberam informa\u00e7\u00e3o sobre o transporte de uma grande quantidade de maconha para ser distribu\u00edda no Estado de Sergipe. Segundo o informe, a droga estaria sendo transportada escondida em um caminh\u00e3o com placas do Estado do Par\u00e1 e escoltada por uma caminhonete com placas de Pernambuco. Assim, os Policiais [&hellip;]<\/p>\n","protected":false},"author":1,"featured_media":89712,"comment_status":"closed","ping_status":"closed","sticky":false,"template":"","format":"standard","meta":{"footnotes":""},"categories":[310,7],"tags":[],"class_list":{"0":"post-89710","1":"post","2":"type-post","3":"status-publish","4":"format-standard","5":"has-post-thumbnail","7":"category-destaques-da-semana","8":"category-policia"},"_links":{"self":[{"href":"https:\/\/senoticias.com.br\/se\/wp-json\/wp\/v2\/posts\/89710"}],"collection":[{"href":"https:\/\/senoticias.com.br\/se\/wp-json\/wp\/v2\/posts"}],"about":[{"href":"https:\/\/senoticias.com.br\/se\/wp-json\/wp\/v2\/types\/post"}],"author":[{"embeddable":true,"href":"https:\/\/senoticias.com.br\/se\/wp-json\/wp\/v2\/users\/1"}],"replies":[{"embeddable":true,"href":"https:\/\/senoticias.com.br\/se\/wp-json\/wp\/v2\/comments?post=89710"}],"version-history":[{"count":0,"href":"https:\/\/senoticias.com.br\/se\/wp-json\/wp\/v2\/posts\/89710\/revisions"}],"wp:featuredmedia":[{"embeddable":true,"href":"https:\/\/senoticias.com.br\/se\/wp-json\/wp\/v2\/media\/89712"}],"wp:attachment":[{"href":"https:\/\/senoticias.com.br\/se\/wp-json\/wp\/v2\/media?parent=89710"}],"wp:term":[{"taxonomy":"category","embeddable":true,"href":"https:\/\/senoticias.com.br\/se\/wp-json\/wp\/v2\/categories?post=89710"},{"taxonomy":"post_tag","embeddable":true,"href":"https:\/\/senoticias.com.br\/se\/wp-json\/wp\/v2\/tags?post=89710"}],"curies":[{"name":"wp","href":"https:\/\/api.w.org\/{rel}","templated":true}]}}