{"id":88826,"date":"2016-02-16T19:17:19","date_gmt":"2016-02-16T22:17:19","guid":{"rendered":"http:\/\/senoticias.com.br\/se\/?p=88826"},"modified":"2016-02-16T19:21:51","modified_gmt":"2016-02-16T22:21:51","slug":"4a-conferencia-estadual-de-politicas-para-mulheres","status":"publish","type":"post","link":"https:\/\/senoticias.com.br\/se\/4a-conferencia-estadual-de-politicas-para-mulheres\/","title":{"rendered":"4\u00aa Confer\u00eancia Estadual de Pol\u00edticas para Mulheres"},"content":{"rendered":"<p style=\"text-align: justify;\">Nesta quarta-feira, 17, a Coordenadoria Estadual de Pol\u00edticas para Mulheres da Secretaria de Estado da Mulher, Inclus\u00e3o, Assist\u00eancia Social, do Trabalho e dos Direitos Humanos (Seidh) realiza a 4\u00aa Confer\u00eancia Estadual de Pol\u00edticas para Mulheres que, a partir das 08h30, reunir\u00e1 cerca de 500 participantes em torno de mesas redondas, palestras e importantes discuss\u00f5es no Hotel Orion, localizado no bairro Coroa do Meio. Entre os temas que ser\u00e3o debatidos na Confer\u00eancia est\u00e3o o avan\u00e7o das Pol\u00edticas para as Mulheres no Brasil e Pol\u00edticas P\u00fablicas no Estado de Sergipe.<\/p>\n<div id=\"attachment_88828\" style=\"width: 608px\" class=\"wp-caption aligncenter\"><a href=\"http:\/\/senoticias.com.br\/se\/wp-content\/uploads\/2016\/02\/grande-marta_leao_foto_agenciasergipe_arquivo_220115.jpg-e1455661264579.jpg\"><img loading=\"lazy\" decoding=\"async\" aria-describedby=\"caption-attachment-88828\" class=\"size-full wp-image-88828\" alt=\"secret\u00e1ria de Estado da Mulher, da Inclus\u00e3o e Assist\u00eancia Social, do Trabalho e dos Direitos Humanos (Seidh), Marta Maria  de Souza Le\u00e3o. (Foto: ASN\/Arquivo)\" src=\"http:\/\/senoticias.com.br\/se\/wp-content\/uploads\/2016\/02\/grande-marta_leao_foto_agenciasergipe_arquivo_220115.jpg-e1455661264579.jpg\" width=\"598\" height=\"397\" \/><\/a><p id=\"caption-attachment-88828\" class=\"wp-caption-text\">Secret\u00e1ria de Estado da Mulher, da Inclus\u00e3o e Assist\u00eancia Social, do Trabalho e dos Direitos Humanos (Seidh), Marta Maria de Souza Le\u00e3o. (Foto: ASN\/Arquivo)<\/p><\/div>\n<p style=\"text-align: justify;\">O evento prev\u00ea a discuss\u00e3o de propostas oriundas das confer\u00eancias municipais e territoriais. Na etapa estadual, 44 delegadas ser\u00e3o escolhidas para a 4\u00aa Confer\u00eancia Nacional de Pol\u00edticas para as Mulheres, que ocorrer\u00e1 em Bras\u00edlia, de 15 a 18 de mar\u00e7o, coordenada pela Secretaria Especial de Pol\u00edticas para as Mulheres do Minist\u00e9rio das Mulheres, da Igualdade Racial e dos Direitos Humanos e do Conselho Nacional dos Direitos da Mulher (CNDM).<\/p>\n<p style=\"text-align: justify;\">\u00a0<b>Presen\u00e7as:<\/b><\/p>\n<p style=\"text-align: justify;\">Representando o CNDM, participar\u00e1 da Confer\u00eancia estadual\u00a0<b>Jana\u00edna Oliveira<\/b>, coordenadora Geral da Diversidade da Secretaria de Pol\u00edticas para Mulheres do Minist\u00e9rio. Tamb\u00e9m estar\u00e3o presentes a superintendente Executiva da Seidh,\u00a0<b>Adriana Leite,\u00a0<\/b>representando a secret\u00e1ria Marta Le\u00e3o; e a coordenadora estadual de Pol\u00edticas Para Mulheres,\u00a0<b>Edivaneide Paes;\u00a0<\/b>al\u00e9m de representantes do Tribunal de Justi\u00e7a, da Assembleia Legislativa de Sergipe e da Escola Superior da Advocacia, entre outras autoridades.<\/p>\n<p style=\"text-align: justify;\"><strong>Acompanhe o SE Not\u00edcias no\u00a0<a href=\"https:\/\/twitter.com\/Senoticias\" target=\"_blank\">Twitter<\/a>,<a href=\"https:\/\/www.instagram.com\/senoticias\/\" target=\"_blank\">\u00a0Instagram\u00a0<\/a>e no\u00a0<a href=\"https:\/\/www.facebook.com\/senoticias1\" target=\"_blank\">Facebook<\/a><\/strong><\/p>\n<p style=\"text-align: justify;\"><strong><em>\u00a0Assessoria de Comunica\u00e7\u00e3o\u00a0<\/em><\/strong><br \/>\n<strong><em>Secretaria de Estado da Mulher, da Inclus\u00e3o e Assist\u00eancia Social, do Trabalho e dos Direitos Humanos &#8211; SEIDH\u00a0<\/em><\/strong><br \/>\n<strong><em>Governo de Sergipe\u00a0<\/em><\/strong><\/p>\n<p style=\"text-align: justify;\"><strong><em><span style=\"text-decoration: underline;\">\u00a0<\/span><\/em><\/strong><\/p>\n","protected":false},"excerpt":{"rendered":"<p>Nesta quarta-feira, 17, a Coordenadoria Estadual de Pol\u00edticas para Mulheres da Secretaria de Estado da Mulher, Inclus\u00e3o, Assist\u00eancia Social, do Trabalho e dos Direitos Humanos (Seidh) realiza a 4\u00aa Confer\u00eancia Estadual de Pol\u00edticas para Mulheres que, a partir das 08h30, reunir\u00e1 cerca de 500 participantes em torno de mesas redondas, palestras e importantes discuss\u00f5es no [&hellip;]<\/p>\n","protected":false},"author":1,"featured_media":88828,"comment_status":"closed","ping_status":"closed","sticky":false,"template":"","format":"standard","meta":{"footnotes":""},"categories":[6,1],"tags":[],"class_list":{"0":"post-88826","1":"post","2":"type-post","3":"status-publish","4":"format-standard","5":"has-post-thumbnail","7":"category-politica","8":"category-sem-categoria"},"_links":{"self":[{"href":"https:\/\/senoticias.com.br\/se\/wp-json\/wp\/v2\/posts\/88826"}],"collection":[{"href":"https:\/\/senoticias.com.br\/se\/wp-json\/wp\/v2\/posts"}],"about":[{"href":"https:\/\/senoticias.com.br\/se\/wp-json\/wp\/v2\/types\/post"}],"author":[{"embeddable":true,"href":"https:\/\/senoticias.com.br\/se\/wp-json\/wp\/v2\/users\/1"}],"replies":[{"embeddable":true,"href":"https:\/\/senoticias.com.br\/se\/wp-json\/wp\/v2\/comments?post=88826"}],"version-history":[{"count":0,"href":"https:\/\/senoticias.com.br\/se\/wp-json\/wp\/v2\/posts\/88826\/revisions"}],"wp:featuredmedia":[{"embeddable":true,"href":"https:\/\/senoticias.com.br\/se\/wp-json\/wp\/v2\/media\/88828"}],"wp:attachment":[{"href":"https:\/\/senoticias.com.br\/se\/wp-json\/wp\/v2\/media?parent=88826"}],"wp:term":[{"taxonomy":"category","embeddable":true,"href":"https:\/\/senoticias.com.br\/se\/wp-json\/wp\/v2\/categories?post=88826"},{"taxonomy":"post_tag","embeddable":true,"href":"https:\/\/senoticias.com.br\/se\/wp-json\/wp\/v2\/tags?post=88826"}],"curies":[{"name":"wp","href":"https:\/\/api.w.org\/{rel}","templated":true}]}}