{"id":88824,"date":"2016-02-16T19:09:04","date_gmt":"2016-02-16T22:09:04","guid":{"rendered":"http:\/\/senoticias.com.br\/se\/?p=88824"},"modified":"2016-02-16T19:10:10","modified_gmt":"2016-02-16T22:10:10","slug":"deso-informa-interrupcao-no-abastecimento-em-bairros-da-grande-aracaju","status":"publish","type":"post","link":"https:\/\/senoticias.com.br\/se\/deso-informa-interrupcao-no-abastecimento-em-bairros-da-grande-aracaju\/","title":{"rendered":"Deso informa interrup\u00e7\u00e3o no abastecimento em bairros da Grande Aracaju"},"content":{"rendered":"<p style=\"text-align: justify;\">A Companhia de Saneamento de Sergipe \u2013 Deso, informa que em virtude de manuten\u00e7\u00e3o na Adutora do S\u00e3o Francisco, haver\u00e1 interrup\u00e7\u00e3o no abastecimento de \u00e1gua no dia 17\/02\/2016, das 8 horas \u00e0s 16 horas nas seguintes localidades:<\/p>\n<p style=\"text-align: justify;\">Aeroporto, Augusto Franco, Aloque, Alto da Jaqueira, Atalaia, Aruana, Pov. Areia Branca, Bugio, Capucho, Castelo Branco, Centro Administrativo, Cidade Nova, Cirurgia, Centro, Coqueiral, Coroa do Meio, DIA, 18 do Forte, Farol\u00e2ndia, Jabotiana, Jardins, Jardim Centen\u00e1rio, Get\u00falio Vargas, Grageru, Industrial, In\u00e1cio Barbosa, Jap\u00e3ozinho, Jetimana, Lamar\u00e3o, Luzia, M\u00e9dici, Mosqueiro, Olaria, Orlando Dantas, Parque S\u00e3o Jos\u00e9, Palestina, Parque dos Coqueiros, Pereira Lobo, Ponta da Asa, Porto Dantas, Ponto Novo, Robalo, Salgado Filho, Sanat\u00f3rio, Santo Ant\u00f4nio, Santa L\u00facia, Santa Maria, Santa Tereza, Santos Dumond, S\u00e3o Conrado, S\u00e3o Jos\u00e9, Sol Nascente, Soledade, Suissa, Terra Dura, 13 de Julho, Veneza, V\u00e1rzea Grande, Santo In\u00e1cio, Itacanema, Sobrado, Conj. Jardim, Palestina, Parque dos Far\u00f3is, Pai Andr\u00e9, Guajar\u00e1, Nova Palestina, Santo In\u00e1cio, Atalaia Nova, Barra dos Coqueiros, Pov. Olhos d&#8217;\u00c1gua, Complexo Tai\u00e7oca, Marcos Freire I e II, Piabeta, Fernando Collor, Fafen.<\/p>\n<div id=\"attachment_87222\" style=\"width: 608px\" class=\"wp-caption aligncenter\"><a href=\"http:\/\/senoticias.com.br\/se\/wp-content\/uploads\/2015\/12\/deso-e1450739000906.jpg\"><img loading=\"lazy\" decoding=\"async\" aria-describedby=\"caption-attachment-87222\" class=\"size-full wp-image-87222\" alt=\"Interrup\u00e7\u00e3o acontecer\u00e1 dia 17, das 8 horas \u00e0s 16 horas. (Foto: Ascom\/Deso)\" src=\"http:\/\/senoticias.com.br\/se\/wp-content\/uploads\/2015\/12\/deso-e1450739000906.jpg\" width=\"598\" height=\"354\" \/><\/a><p id=\"caption-attachment-87222\" class=\"wp-caption-text\">Interrup\u00e7\u00e3o acontecer\u00e1 dia 17, das 8 horas \u00e0s 16 horas. (Foto: Ascom\/Deso)<\/p><\/div>\n<p style=\"text-align: justify;\">A regulariza\u00e7\u00e3o do abastecimento ocorrer\u00e1 gradativamente a partir das 16h. Se os servi\u00e7os forem conclu\u00eddos antes do hor\u00e1rio previsto, o abastecimento ser\u00e1 restabelecido sem qualquer aviso. Caso ocorra algum imprevisto dificultando a conclus\u00e3o dos servi\u00e7os, o hor\u00e1rio poder\u00e1 ser ultrapassado.<\/p>\n<p style=\"text-align: justify;\">A DESO recomenda a utiliza\u00e7\u00e3o econ\u00f4mica da \u00e1gua existentes nas caixas d&#8217; \u00e1gua e reservat\u00f3rios residenciais, evitando-se desperd\u00edcios.<\/p>\n<p style=\"text-align: justify;\">Casos de emerg\u00eancia e pedidos de servi\u00e7os podem ser informados pelo telefone 08000790195 com prioridade para creches, hospitais, asilos e demais entidades dessa natureza.<\/p>\n<p style=\"text-align: justify;\"><strong>Acompanhe o SE Not\u00edcias no\u00a0<a href=\"https:\/\/twitter.com\/Senoticias\" target=\"_blank\">Twitter<\/a>,<a href=\"https:\/\/www.instagram.com\/senoticias\/\" target=\"_blank\">\u00a0Instagram\u00a0<\/a>e no\u00a0<a href=\"https:\/\/www.facebook.com\/senoticias1\" target=\"_blank\">Facebook<\/a><\/strong><\/p>\n<p style=\"text-align: justify;\"><em><strong>Ascom\/Deso<\/strong><\/em><\/p>\n","protected":false},"excerpt":{"rendered":"<p>A Companhia de Saneamento de Sergipe \u2013 Deso, informa que em virtude de manuten\u00e7\u00e3o na Adutora do S\u00e3o Francisco, haver\u00e1 interrup\u00e7\u00e3o no abastecimento de \u00e1gua no dia 17\/02\/2016, das 8 horas \u00e0s 16 horas nas seguintes localidades: Aeroporto, Augusto Franco, Aloque, Alto da Jaqueira, Atalaia, Aruana, Pov. Areia Branca, Bugio, Capucho, Castelo Branco, Centro Administrativo, [&hellip;]<\/p>\n","protected":false},"author":1,"featured_media":87222,"comment_status":"closed","ping_status":"closed","sticky":false,"template":"","format":"standard","meta":{"footnotes":""},"categories":[15],"tags":[],"class_list":{"0":"post-88824","1":"post","2":"type-post","3":"status-publish","4":"format-standard","5":"has-post-thumbnail","7":"category-destaques"},"_links":{"self":[{"href":"https:\/\/senoticias.com.br\/se\/wp-json\/wp\/v2\/posts\/88824"}],"collection":[{"href":"https:\/\/senoticias.com.br\/se\/wp-json\/wp\/v2\/posts"}],"about":[{"href":"https:\/\/senoticias.com.br\/se\/wp-json\/wp\/v2\/types\/post"}],"author":[{"embeddable":true,"href":"https:\/\/senoticias.com.br\/se\/wp-json\/wp\/v2\/users\/1"}],"replies":[{"embeddable":true,"href":"https:\/\/senoticias.com.br\/se\/wp-json\/wp\/v2\/comments?post=88824"}],"version-history":[{"count":0,"href":"https:\/\/senoticias.com.br\/se\/wp-json\/wp\/v2\/posts\/88824\/revisions"}],"wp:featuredmedia":[{"embeddable":true,"href":"https:\/\/senoticias.com.br\/se\/wp-json\/wp\/v2\/media\/87222"}],"wp:attachment":[{"href":"https:\/\/senoticias.com.br\/se\/wp-json\/wp\/v2\/media?parent=88824"}],"wp:term":[{"taxonomy":"category","embeddable":true,"href":"https:\/\/senoticias.com.br\/se\/wp-json\/wp\/v2\/categories?post=88824"},{"taxonomy":"post_tag","embeddable":true,"href":"https:\/\/senoticias.com.br\/se\/wp-json\/wp\/v2\/tags?post=88824"}],"curies":[{"name":"wp","href":"https:\/\/api.w.org\/{rel}","templated":true}]}}