{"id":88818,"date":"2016-02-16T18:00:13","date_gmt":"2016-02-16T21:00:13","guid":{"rendered":"http:\/\/senoticias.com.br\/se\/?p=88818"},"modified":"2016-02-16T18:01:34","modified_gmt":"2016-02-16T21:01:34","slug":"senador-pede-agilidade-nos-estudos-de-viabilidade-dos-trechos-das-brs-101-e-235","status":"publish","type":"post","link":"https:\/\/senoticias.com.br\/se\/senador-pede-agilidade-nos-estudos-de-viabilidade-dos-trechos-das-brs-101-e-235\/","title":{"rendered":"Senador pede agilidade nos estudos de viabilidade dos trechos das BRs 101 e 235"},"content":{"rendered":"<p style=\"text-align: justify;\">O senador Ricardo Franco (DEM) e o vice-prefeito de Aracaju, Jos\u00e9 Carlos Machado (PSDB) estiveram, nesta ter\u00e7a-feira (16) com o ministro dos Transportes, Ant\u00f4nio Carlos Rodrigues. Foram solicitar urg\u00eancia nos estudos de viabilidade de concess\u00e3o para o trecho sergipano das rodovias BR 101 e BR 235.<\/p>\n<div id=\"attachment_88819\" style=\"width: 608px\" class=\"wp-caption aligncenter\"><a href=\"http:\/\/senoticias.com.br\/se\/wp-content\/uploads\/2016\/02\/ricardo-audi\u00eancia-ministro-e1455656382545.jpg\"><img loading=\"lazy\" decoding=\"async\" aria-describedby=\"caption-attachment-88819\" class=\"size-full wp-image-88819\" alt=\" Ricardo Franco (DEM) e o vice-prefeito de Aracaju, Jos\u00e9 Carlos Machado (PSDB) estiveram, nesta ter\u00e7a-feira (16) com o ministro dos Transportes, Ant\u00f4nio Carlos Rodrigues. (Foto: Ascom)\" src=\"http:\/\/senoticias.com.br\/se\/wp-content\/uploads\/2016\/02\/ricardo-audi\u00eancia-ministro-e1455656382545.jpg\" width=\"598\" height=\"398\" \/><\/a><p id=\"caption-attachment-88819\" class=\"wp-caption-text\">Ricardo Franco (DEM) e o vice-prefeito de Aracaju, Jos\u00e9 Carlos Machado (PSDB) estiveram, nesta ter\u00e7a-feira (16) com o ministro dos Transportes, Ant\u00f4nio Carlos Rodrigues. (Foto: Ascom)<\/p><\/div>\n<p style=\"text-align: justify;\">\u201cFoi uma conversa amistosa e o ministro se comprometeu em apresentar, daqui duas semanas, uma avalia\u00e7\u00e3o t\u00e9cnica preliminar sobre a essa viabilidade de concess\u00e3o das BRs 101 e 235\u201d, contou Ricardo, ressaltando que essa medida garantir\u00e1 qualidade e seguran\u00e7a aos principais corredores rodovi\u00e1rios do Estado.<\/p>\n<p style=\"text-align: justify;\">Al\u00e9m disso, ressaltou o senador, a iniciativa diminuir\u00e1 o n\u00famero de acidentes e abrir\u00e1 novos horizontes de log\u00edstica para a economia sergipana. \u201c\u00c9 uma quest\u00e3o extremamente importante e que gerar\u00e1 impactos bastante positivos para o Estado de Sergipe\u201d, afirmou Ricardo.<\/p>\n<p style=\"text-align: justify;\"><strong>Outra reivindica\u00e7\u00e3o<\/strong> &#8211; No mesmo encontro, o vice-prefeito Jos\u00e9 Caros Machado aproveitou para pedir que o Minist\u00e9rio de Transportes enviasse \u00e0 Aracaju uma comiss\u00e3o de t\u00e9cnicos para avaliar in loco a possibilidade de implanta\u00e7\u00e3o de corredor BRT na Avenida Rio de Janeiro, usando a faixa da ferrovia existente.<\/p>\n<p style=\"text-align: justify;\">A avalia\u00e7\u00e3o inicial, com base em dados gerados por sat\u00e9lite, previa a preserva\u00e7\u00e3o da via f\u00e9rrea, mas Machado alertou que a linha est\u00e1 desativada h\u00e1 alguns anos e hoje \u00e9 \u00e1rea de invas\u00e3o urbana.<\/p>\n<p style=\"text-align: justify;\"><strong>Acompanhe o SE Not\u00edcias no\u00a0<a href=\"https:\/\/twitter.com\/Senoticias\" target=\"_blank\">Twitter<\/a>,<a href=\"https:\/\/www.instagram.com\/senoticias\/\" target=\"_blank\">\u00a0Instagram\u00a0<\/a>e no\u00a0<a href=\"https:\/\/www.facebook.com\/senoticias1\" target=\"_blank\">Facebook<\/a><\/strong><\/p>\n<p style=\"text-align: justify;\"><em><strong>Da Assessoria de Imprensa<\/strong><\/em><\/p>\n","protected":false},"excerpt":{"rendered":"<p>O senador Ricardo Franco (DEM) e o vice-prefeito de Aracaju, Jos\u00e9 Carlos Machado (PSDB) estiveram, nesta ter\u00e7a-feira (16) com o ministro dos Transportes, Ant\u00f4nio Carlos Rodrigues. Foram solicitar urg\u00eancia nos estudos de viabilidade de concess\u00e3o para o trecho sergipano das rodovias BR 101 e BR 235. \u201cFoi uma conversa amistosa e o ministro se comprometeu [&hellip;]<\/p>\n","protected":false},"author":1,"featured_media":88819,"comment_status":"closed","ping_status":"closed","sticky":false,"template":"","format":"standard","meta":{"footnotes":""},"categories":[6,1],"tags":[],"class_list":{"0":"post-88818","1":"post","2":"type-post","3":"status-publish","4":"format-standard","5":"has-post-thumbnail","7":"category-politica","8":"category-sem-categoria"},"_links":{"self":[{"href":"https:\/\/senoticias.com.br\/se\/wp-json\/wp\/v2\/posts\/88818"}],"collection":[{"href":"https:\/\/senoticias.com.br\/se\/wp-json\/wp\/v2\/posts"}],"about":[{"href":"https:\/\/senoticias.com.br\/se\/wp-json\/wp\/v2\/types\/post"}],"author":[{"embeddable":true,"href":"https:\/\/senoticias.com.br\/se\/wp-json\/wp\/v2\/users\/1"}],"replies":[{"embeddable":true,"href":"https:\/\/senoticias.com.br\/se\/wp-json\/wp\/v2\/comments?post=88818"}],"version-history":[{"count":0,"href":"https:\/\/senoticias.com.br\/se\/wp-json\/wp\/v2\/posts\/88818\/revisions"}],"wp:featuredmedia":[{"embeddable":true,"href":"https:\/\/senoticias.com.br\/se\/wp-json\/wp\/v2\/media\/88819"}],"wp:attachment":[{"href":"https:\/\/senoticias.com.br\/se\/wp-json\/wp\/v2\/media?parent=88818"}],"wp:term":[{"taxonomy":"category","embeddable":true,"href":"https:\/\/senoticias.com.br\/se\/wp-json\/wp\/v2\/categories?post=88818"},{"taxonomy":"post_tag","embeddable":true,"href":"https:\/\/senoticias.com.br\/se\/wp-json\/wp\/v2\/tags?post=88818"}],"curies":[{"name":"wp","href":"https:\/\/api.w.org\/{rel}","templated":true}]}}