{"id":88816,"date":"2016-02-16T16:00:59","date_gmt":"2016-02-16T19:00:59","guid":{"rendered":"http:\/\/senoticias.com.br\/se\/?p=88816"},"modified":"2016-02-17T17:32:27","modified_gmt":"2016-02-17T20:32:27","slug":"mendonca-prado-se-despede-da-secretaria-de-seguranca-publica","status":"publish","type":"post","link":"https:\/\/senoticias.com.br\/se\/mendonca-prado-se-despede-da-secretaria-de-seguranca-publica\/","title":{"rendered":"Mendon\u00e7a Prado se despede da Secretaria da Seguran\u00e7a P\u00fablica"},"content":{"rendered":"<p style=\"text-align: justify;\">Mendon\u00e7a Prado, ex-secret\u00e1rio de Seguran\u00e7a P\u00fablica, se despediu do cargo\u00a0na tarde desta ter\u00e7a-feira (16) em seu perfil nas redes socais, sem dizer os motivos.<\/p>\n<div id=\"attachment_44162\" style=\"width: 608px\" class=\"wp-caption aligncenter\"><a href=\"http:\/\/senoticias.com.br\/se\/wp-content\/uploads\/2013\/02\/CR\u00c9DITO-GUSTAVO-LIMA-e1455649474995.jpg\"><img loading=\"lazy\" decoding=\"async\" aria-describedby=\"caption-attachment-44162\" class=\"size-full wp-image-44162\" alt=\"Mendon\u00e7a Prado deixa Secretaria de Seguran\u00e7a. (Foto: Gustavo Lima)\" src=\"http:\/\/senoticias.com.br\/se\/wp-content\/uploads\/2013\/02\/CR\u00c9DITO-GUSTAVO-LIMA-e1455649474995.jpg\" width=\"598\" height=\"398\" \/><\/a><p id=\"caption-attachment-44162\" class=\"wp-caption-text\">Mendon\u00e7a Prado deixa a Secretaria de Seguran\u00e7a P\u00fablica . (Foto: arquivo\/Gustavo Lima)<\/p><\/div>\n<p style=\"text-align: justify;\">&#8220;Amigos, informo que estou deixando a Secretaria de Seguran\u00e7a P\u00fablica de Sergipe. Portanto, quero agradecer a todos que fazem a SSP, profissionais altamente qualificados, que sempre ser\u00e3o destinat\u00e1rios do meu respeito e aten\u00e7\u00e3o especial.<\/p>\n<p style=\"text-align: justify;\">\u00c0 todos os policiais civis, militares, bombeiros, peritos e demais servidores da seguran\u00e7a, os meus mais sinceros agradecimentos. Aproveito para convidar a todos para minha despedida e para uma entrevista coletiva de presta\u00e7\u00e3o de contas que concederei amanh\u00e3, 17 de fevereiro, \u00e0s 08:00, nas futuras instala\u00e7\u00f5es do Instituto de Identifica\u00e7\u00e3o de Sergipe, situado \u00e0 Rua Bas\u00edlio Rocha, Bairro Siqueira Campos, pr\u00f3ximo a Pra\u00e7a dos Expedicion\u00e1rios&#8221;.<\/p>\n<div>\n<p style=\"text-align: justify;\">Um forte abra\u00e7o a todos!<br \/>\nMendon\u00e7a Prado<\/p>\n<p style=\"text-align: justify;\"><strong>Acompanhe o SE Not\u00edcias no\u00a0<a href=\"https:\/\/twitter.com\/Senoticias\" target=\"_blank\">Twitter<\/a>,<a href=\"https:\/\/www.instagram.com\/senoticias\/\" target=\"_blank\">\u00a0Instagram\u00a0<\/a>e no\u00a0<a href=\"https:\/\/www.facebook.com\/senoticias1\" target=\"_blank\">Facebook<\/a><\/strong><\/p>\n<\/div>\n","protected":false},"excerpt":{"rendered":"<p>Mendon\u00e7a Prado, ex-secret\u00e1rio de Seguran\u00e7a P\u00fablica, se despediu do cargo\u00a0na tarde desta ter\u00e7a-feira (16) em seu perfil nas redes socais, sem dizer os motivos. &#8220;Amigos, informo que estou deixando a Secretaria de Seguran\u00e7a P\u00fablica de Sergipe. Portanto, quero agradecer a todos que fazem a SSP, profissionais altamente qualificados, que sempre ser\u00e3o destinat\u00e1rios do meu respeito [&hellip;]<\/p>\n","protected":false},"author":2,"featured_media":86297,"comment_status":"closed","ping_status":"closed","sticky":false,"template":"","format":"standard","meta":{"footnotes":""},"categories":[6,1],"tags":[],"class_list":{"0":"post-88816","1":"post","2":"type-post","3":"status-publish","4":"format-standard","5":"has-post-thumbnail","7":"category-politica","8":"category-sem-categoria"},"_links":{"self":[{"href":"https:\/\/senoticias.com.br\/se\/wp-json\/wp\/v2\/posts\/88816"}],"collection":[{"href":"https:\/\/senoticias.com.br\/se\/wp-json\/wp\/v2\/posts"}],"about":[{"href":"https:\/\/senoticias.com.br\/se\/wp-json\/wp\/v2\/types\/post"}],"author":[{"embeddable":true,"href":"https:\/\/senoticias.com.br\/se\/wp-json\/wp\/v2\/users\/2"}],"replies":[{"embeddable":true,"href":"https:\/\/senoticias.com.br\/se\/wp-json\/wp\/v2\/comments?post=88816"}],"version-history":[{"count":0,"href":"https:\/\/senoticias.com.br\/se\/wp-json\/wp\/v2\/posts\/88816\/revisions"}],"wp:featuredmedia":[{"embeddable":true,"href":"https:\/\/senoticias.com.br\/se\/wp-json\/wp\/v2\/media\/86297"}],"wp:attachment":[{"href":"https:\/\/senoticias.com.br\/se\/wp-json\/wp\/v2\/media?parent=88816"}],"wp:term":[{"taxonomy":"category","embeddable":true,"href":"https:\/\/senoticias.com.br\/se\/wp-json\/wp\/v2\/categories?post=88816"},{"taxonomy":"post_tag","embeddable":true,"href":"https:\/\/senoticias.com.br\/se\/wp-json\/wp\/v2\/tags?post=88816"}],"curies":[{"name":"wp","href":"https:\/\/api.w.org\/{rel}","templated":true}]}}