{"id":88814,"date":"2016-02-16T15:42:55","date_gmt":"2016-02-16T18:42:55","guid":{"rendered":"http:\/\/senoticias.com.br\/se\/?p=88814"},"modified":"2016-02-16T15:51:14","modified_gmt":"2016-02-16T18:51:14","slug":"gualberto-sauda-novo-lider-da-oposicao-na-assembleia-legislativa","status":"publish","type":"post","link":"https:\/\/senoticias.com.br\/se\/gualberto-sauda-novo-lider-da-oposicao-na-assembleia-legislativa\/","title":{"rendered":"Gualberto sa\u00fada novo l\u00edder da oposi\u00e7\u00e3o na Assembleia Legislativa"},"content":{"rendered":"<div id=\"attachment_28325\" style=\"width: 310px\" class=\"wp-caption alignright\"><a href=\"http:\/\/senoticias.com.br\/se\/wp-content\/uploads\/2012\/03\/Francisco-Gualberto.jpg\"><img loading=\"lazy\" decoding=\"async\" aria-describedby=\"caption-attachment-28325\" class=\"size-medium wp-image-28325\" alt=\"Gualberto critica a\u00e7\u00e3o do Coren no hospital de Aquidab\u00e3. (Foto: Cesar Oliveira)\" src=\"http:\/\/senoticias.com.br\/se\/wp-content\/uploads\/2012\/03\/Francisco-Gualberto-300x199.jpg\" width=\"300\" height=\"199\" srcset=\"https:\/\/senoticias.com.br\/se\/wp-content\/uploads\/2012\/03\/Francisco-Gualberto-300x199.jpg 300w, https:\/\/senoticias.com.br\/se\/wp-content\/uploads\/2012\/03\/Francisco-Gualberto-342x227.jpg 342w, https:\/\/senoticias.com.br\/se\/wp-content\/uploads\/2012\/03\/Francisco-Gualberto.jpg 448w\" sizes=\"(max-width: 300px) 100vw, 300px\" \/><\/a><p id=\"caption-attachment-28325\" class=\"wp-caption-text\">Gualberto sa\u00fada novo l\u00edder da oposi\u00e7\u00e3o na Assembleia Legislativa (Foto: Cesar Oliveira)<\/p><\/div>\n<p style=\"text-align: justify;\">No retorno aos trabalhos no plen\u00e1rio da Assembleia Legislativa para este primeiro semestre de 2016, o deputado estadual Francisco Gualberto (PT) saudou o novo l\u00edder do bloco de oposi\u00e7\u00e3o na Casa, deputado Pastor Ant\u00f4nio dos Santos (PSC). Em tom amistoso, disse que n\u00e3o ser\u00e1 hip\u00f3crita ao ponto de desejar boa sorte ao deputado. \u201cDesejo bom trabalho. E sei que ele far\u00e1 isso com responsabilidade. N\u00e3o desejo boa sorte porque se ele tiver sorte demais poder\u00e1 atrapalhar o nosso governo\u201d, justificou Gualberto, arrancando risadas do plen\u00e1rio.<\/p>\n<p style=\"text-align: justify;\">L\u00edder do governo, Francisco Gualberto lembrou que pela primeira vez na hist\u00f3ria recente do parlamento estadual dois pol\u00edticos oriundos da classe oper\u00e1ria assumem postos de lideran\u00e7a. \u201cMas cada um com sua ideologia, o seu lado\u201d, frisou, informando que ambos trabalharam por muitos anos na Petrobras como oper\u00e1rios. \u201cMas teremos embates naturais de situa\u00e7\u00e3o e oposi\u00e7\u00e3o, e as diverg\u00eancias ir\u00e3o acontecer com frequ\u00eancia porque os projetos que defendemos s\u00e3o diferentes\u201d, explicou Gualberto.<\/p>\n<p style=\"text-align: justify;\">O deputado petista colocou-se \u00e0 disposi\u00e7\u00e3o de Ant\u00f4nio dos Santos para buscar solu\u00e7\u00f5es simplificadas sempre que necess\u00e1rio. \u201cSinta-se \u00e0 vontade para chamar a minha aten\u00e7\u00e3o quando perceber que eu possa ter passado dos limites nos debates. E conte com a minha contribui\u00e7\u00e3o no que for poss\u00edvel. Agi assim com os demais lideres de oposi\u00e7\u00e3o que passaram por aqui e agora n\u00e3o ser\u00e1 diferente\u201d, disse Francisco Gualberto, com a aprova\u00e7\u00e3o dos demais integrantes da bancada governistas que acompanhavam a sess\u00e3o desta ter\u00e7a-feira, 16.<\/p>\n<p style=\"text-align: justify;\">Em aparte, o deputado Ven\u00e2ncio Fonseca (PP), ex-lider da oposi\u00e7\u00e3o, refor\u00e7ou a fala de Gualberto e disse ao novo l\u00edder que pode confiar integralmente na palavra do petista. \u201cEle (Gualberto) \u00e9 duro, mas \u00e9 leal. A palavra dele n\u00e3o precisa de assinatura em papel. Pode confiar. \u00c9 um dos grandes lideres que aqui conheci nestes 24 anos que tenho no parlamento. Gualberto \u00e9 um gigante\u201d, atestou Ven\u00e2ncio Fonseca. Ant\u00f4nio dos Santos assume a vaga deixada pelo deputado Valmir Monteiro (PSC).<\/p>\n<p style=\"text-align: justify;\"><strong>Acompanhe o SE Not\u00edcias no\u00a0<a href=\"https:\/\/twitter.com\/Senoticias\" target=\"_blank\">Twitter<\/a>,<a href=\"https:\/\/www.instagram.com\/senoticias\/\" target=\"_blank\">\u00a0Instagram\u00a0<\/a>e no\u00a0<a href=\"https:\/\/www.facebook.com\/senoticias1\" target=\"_blank\">Facebook<\/a><\/strong><\/p>\n<p style=\"text-align: justify;\"><em><strong>Da Assessoria de Imprensa\u00a0<\/strong><\/em><\/p>\n","protected":false},"excerpt":{"rendered":"<p>No retorno aos trabalhos no plen\u00e1rio da Assembleia Legislativa para este primeiro semestre de 2016, o deputado estadual Francisco Gualberto (PT) saudou o novo l\u00edder do bloco de oposi\u00e7\u00e3o na Casa, deputado Pastor Ant\u00f4nio dos Santos (PSC). Em tom amistoso, disse que n\u00e3o ser\u00e1 hip\u00f3crita ao ponto de desejar boa sorte ao deputado. \u201cDesejo bom [&hellip;]<\/p>\n","protected":false},"author":1,"featured_media":46477,"comment_status":"closed","ping_status":"closed","sticky":false,"template":"","format":"standard","meta":{"footnotes":""},"categories":[6,1],"tags":[],"class_list":{"0":"post-88814","1":"post","2":"type-post","3":"status-publish","4":"format-standard","5":"has-post-thumbnail","7":"category-politica","8":"category-sem-categoria"},"_links":{"self":[{"href":"https:\/\/senoticias.com.br\/se\/wp-json\/wp\/v2\/posts\/88814"}],"collection":[{"href":"https:\/\/senoticias.com.br\/se\/wp-json\/wp\/v2\/posts"}],"about":[{"href":"https:\/\/senoticias.com.br\/se\/wp-json\/wp\/v2\/types\/post"}],"author":[{"embeddable":true,"href":"https:\/\/senoticias.com.br\/se\/wp-json\/wp\/v2\/users\/1"}],"replies":[{"embeddable":true,"href":"https:\/\/senoticias.com.br\/se\/wp-json\/wp\/v2\/comments?post=88814"}],"version-history":[{"count":0,"href":"https:\/\/senoticias.com.br\/se\/wp-json\/wp\/v2\/posts\/88814\/revisions"}],"wp:featuredmedia":[{"embeddable":true,"href":"https:\/\/senoticias.com.br\/se\/wp-json\/wp\/v2\/media\/46477"}],"wp:attachment":[{"href":"https:\/\/senoticias.com.br\/se\/wp-json\/wp\/v2\/media?parent=88814"}],"wp:term":[{"taxonomy":"category","embeddable":true,"href":"https:\/\/senoticias.com.br\/se\/wp-json\/wp\/v2\/categories?post=88814"},{"taxonomy":"post_tag","embeddable":true,"href":"https:\/\/senoticias.com.br\/se\/wp-json\/wp\/v2\/tags?post=88814"}],"curies":[{"name":"wp","href":"https:\/\/api.w.org\/{rel}","templated":true}]}}