{"id":88811,"date":"2016-02-16T14:29:12","date_gmt":"2016-02-16T17:29:12","guid":{"rendered":"http:\/\/senoticias.com.br\/se\/?p=88811"},"modified":"2016-02-16T14:29:12","modified_gmt":"2016-02-16T17:29:12","slug":"governador-abre-ano-legislativa-pregando-otimismo-em-tempos-de-crise","status":"publish","type":"post","link":"https:\/\/senoticias.com.br\/se\/governador-abre-ano-legislativa-pregando-otimismo-em-tempos-de-crise\/","title":{"rendered":"Governador abre ano legislativa pregando otimismo em tempos de crise"},"content":{"rendered":"<p style=\"text-align: justify;\">\u201cDois mil e quinze foi um ano dif\u00edcil para o Brasil e tamb\u00e9m para Sergipe. Apesar da crise, o Estado n\u00e3o parou\u201d. A frase do governador Jackson Barreto, durante discurso de abertura dos trabalhos na Assembleia Legislativa, mostra bem o tom adotado pelo chefe do Executivo: cautela e otimismo. Na primeira sess\u00e3o do ano, o governador disse que sua fala representava a \u2018tradi\u00e7\u00e3o republicana\u2019 que simboliza a rela\u00e7\u00e3o dos poderes Legislativo e Executivo, o exerc\u00edcio da democracia \u201cpara a constru\u00e7\u00e3o de um Sergipe melhor\u201d.<\/p>\n<div id=\"attachment_88812\" style=\"width: 608px\" class=\"wp-caption aligncenter\"><a href=\"http:\/\/senoticias.com.br\/se\/wp-content\/uploads\/2016\/02\/JB-Alese-1-e1455643686288.jpg\"><img loading=\"lazy\" decoding=\"async\" aria-describedby=\"caption-attachment-88812\" class=\"size-full wp-image-88812\" alt=\"Jackson Barreto abre ano legislativa pregando otimismo em tempos de crise. (Foto: C\u00e9sar de Oliveira, da Ag\u00eancia Alese)\" src=\"http:\/\/senoticias.com.br\/se\/wp-content\/uploads\/2016\/02\/JB-Alese-1-e1455643686288.jpg\" width=\"598\" height=\"399\" \/><\/a><p id=\"caption-attachment-88812\" class=\"wp-caption-text\">Jackson Barreto abre ano legislativa pregando otimismo em tempos de crise. (Foto: C\u00e9sar de Oliveira, da Ag\u00eancia Alese)<\/p><\/div>\n<p style=\"text-align: justify;\">O presidente da Assembleia Legislativa, deputado estadual Luciano Bispo, que tamb\u00e9m discursou, deixou claro que os dois poderes continuar\u00e3o parceiros em 2016, independentes mas ligados pelo interesse em comum em favor dos sergipanos. \u201dAgrade\u00e7o a todos os colegas deputados pelo ano de dois mil e quinze. Afirmo que a Mesa Diretora continuar\u00e1 trabalhando como sempre, respeitando situa\u00e7\u00e3o e oposi\u00e7\u00e3o. Ao governador Jackson Barreto e ao seu vice, Belivaldo Chagas, quero dizer que podem contar conosco, estaremos juntos mais uma vez, trabalhando para o bem toda popula\u00e7\u00e3o de Sergipe\u201d.<\/p>\n<p style=\"text-align: justify;\">Jackson Barreto abriu seu discurso afirmando que a grave crise econ\u00f4mica est\u00e1 associada a uma crise de car\u00e1ter pol\u00edtico, originada em lament\u00e1veis epis\u00f3dios de desvios \u00e9ticos que imobilizam a capacidade de supera\u00e7\u00e3o do pa\u00eds. \u201cEspalha incertezas, e mais grave, d\u00e1 espa\u00e7o ao surgimento de iniciativas que ensejam atentar contra a democracia. Sou contra a tais tentativas\u201d, observou. Jackson disse que era preciso banir condutas anti\u00e9ticas, mas lembrou que o pa\u00eds est\u00e1 preparado para punir tais procedimentos.<\/p>\n<p style=\"text-align: justify;\"><strong>Economia<\/strong><\/p>\n<p style=\"text-align: justify;\">A queda no repasse de recursos foi lembrada pelo governador. Para ele, o Estado, com menos receitas, foi obrigado a um enxugamento. \u201cDurante o ano de 2015 vimos os repasses federais oriundos do Fundo de Participa\u00e7\u00e3o dos Estados (FPE), nossa principal fonte de recursos, recuar em termos reais, vertiginosamente, em mais de cento e cinquenta milh\u00f5es de reais. Para ser mais exato, o Estado de Sergipe perdeu, em dois mil e quinze, apenas em receitas do FPE, cento e cinquenta milh\u00f5es de reais\u201d.<\/p>\n<p style=\"text-align: justify;\">Para enfrentar o recuo no repasse de receitas, explicou Jackson para os parlamentares, e para as galerias lotadas, o governo teve que apertar o cinto. Foi reduzido o n\u00famero de secretarias, que passou de 25 para 18 atrav\u00e9s da extin\u00e7\u00e3o efetiva ou da fus\u00e3o, medidas adotadas tamb\u00e9m em autarquias e \u00f3rg\u00e3os. Emsetur e Pronese, extintos, s\u00e3o exemplos de \u00f3rg\u00e3os que deixaram de existir. \u201cTamb\u00e9m reduzimos de forma efetiva o n\u00famero cargos comissionados, aliviando a folha de pagamento e as despesas\u201d, citou Jackson.<\/p>\n<p style=\"text-align: justify;\">O governador lembrou que, apesar da crise, e da obriga\u00e7\u00e3o de \u2018cortar na pr\u00f3pria carne\u2019, Sergipe avan\u00e7ou, v\u00e1rias obras foram realizadas ou continuam em execu\u00e7\u00e3o. \u201cHoje temos em andamento mais de setenta grandes obras de infraestrutura em todo o Estado. S\u00e3o obras com recursos garantidos e que v\u00e3o continuar apesar da crise. Estamos realizando obras de mobilidade urbana em todo o Estado, destacadamente em Aracaju\u201d, frisou. Segundo ele, s\u00e3o mais de R$ 220 milh\u00f5es em recursos aplicados na capital.<\/p>\n<p style=\"text-align: justify;\">O governador encerrou seu discurso afirmando que era preciso olhar para a frente, para o futuro que est\u00e1 sendo constru\u00eddo. Jackson disse que os tempos dif\u00edceis exigem muitos dos pol\u00edticos e da popula\u00e7\u00e3o. \u201cExige acima de tudo compromisso de perseverar diante das dificuldades que se apresentam, sem nunca perder de vista o objetivo maior de tornar Sergipe cada vez melhor. Exigir\u00e1 do Poder Legislativo um compromisso a que esta Casa jamais se furtou, sempre colocando acima de tudo os interesses do povo sergipano\u201d.<\/p>\n<p style=\"text-align: justify;\"><strong>Acompanhe o SE Not\u00edcias no\u00a0<a href=\"https:\/\/twitter.com\/Senoticias\" target=\"_blank\">Twitter<\/a>,<a href=\"https:\/\/www.instagram.com\/senoticias\/\" target=\"_blank\">\u00a0Instagram\u00a0<\/a>e no\u00a0<a href=\"https:\/\/www.facebook.com\/senoticias1\" target=\"_blank\">Facebook<\/a><\/strong><\/p>\n<p style=\"text-align: justify;\"><strong><em>Ag\u00eancia Alese de Not\u00edcias<\/em><\/strong><\/p>\n","protected":false},"excerpt":{"rendered":"<p>\u201cDois mil e quinze foi um ano dif\u00edcil para o Brasil e tamb\u00e9m para Sergipe. Apesar da crise, o Estado n\u00e3o parou\u201d. A frase do governador Jackson Barreto, durante discurso de abertura dos trabalhos na Assembleia Legislativa, mostra bem o tom adotado pelo chefe do Executivo: cautela e otimismo. Na primeira sess\u00e3o do ano, o [&hellip;]<\/p>\n","protected":false},"author":1,"featured_media":88812,"comment_status":"closed","ping_status":"closed","sticky":false,"template":"","format":"standard","meta":{"footnotes":""},"categories":[6],"tags":[],"class_list":{"0":"post-88811","1":"post","2":"type-post","3":"status-publish","4":"format-standard","5":"has-post-thumbnail","7":"category-politica"},"_links":{"self":[{"href":"https:\/\/senoticias.com.br\/se\/wp-json\/wp\/v2\/posts\/88811"}],"collection":[{"href":"https:\/\/senoticias.com.br\/se\/wp-json\/wp\/v2\/posts"}],"about":[{"href":"https:\/\/senoticias.com.br\/se\/wp-json\/wp\/v2\/types\/post"}],"author":[{"embeddable":true,"href":"https:\/\/senoticias.com.br\/se\/wp-json\/wp\/v2\/users\/1"}],"replies":[{"embeddable":true,"href":"https:\/\/senoticias.com.br\/se\/wp-json\/wp\/v2\/comments?post=88811"}],"version-history":[{"count":0,"href":"https:\/\/senoticias.com.br\/se\/wp-json\/wp\/v2\/posts\/88811\/revisions"}],"wp:featuredmedia":[{"embeddable":true,"href":"https:\/\/senoticias.com.br\/se\/wp-json\/wp\/v2\/media\/88812"}],"wp:attachment":[{"href":"https:\/\/senoticias.com.br\/se\/wp-json\/wp\/v2\/media?parent=88811"}],"wp:term":[{"taxonomy":"category","embeddable":true,"href":"https:\/\/senoticias.com.br\/se\/wp-json\/wp\/v2\/categories?post=88811"},{"taxonomy":"post_tag","embeddable":true,"href":"https:\/\/senoticias.com.br\/se\/wp-json\/wp\/v2\/tags?post=88811"}],"curies":[{"name":"wp","href":"https:\/\/api.w.org\/{rel}","templated":true}]}}