{"id":88806,"date":"2016-02-16T07:26:26","date_gmt":"2016-02-16T10:26:26","guid":{"rendered":"http:\/\/senoticias.com.br\/se\/?p=88806"},"modified":"2016-02-17T07:33:40","modified_gmt":"2016-02-17T10:33:40","slug":"policia-realiza-operacao-de-combate-ao-trafico-de-drogas-e-armas-em-sergipe","status":"publish","type":"post","link":"https:\/\/senoticias.com.br\/se\/policia-realiza-operacao-de-combate-ao-trafico-de-drogas-e-armas-em-sergipe\/","title":{"rendered":"Pol\u00edcia realiza opera\u00e7\u00e3o de combate ao tr\u00e1fico de drogas e armas em Sergipe"},"content":{"rendered":"<p style=\"text-align: justify;\"><em><strong>Marina Fontenele, do G1 SE<\/strong><\/em><\/p>\n<p style=\"text-align: justify;\">A Secretaria de Estado da Seguran\u00e7a P\u00fablica (SSP) realiza na manh\u00e3 desta ter\u00e7a-feira (16) a \u2018Opera\u00e7\u00e3o Gaviria\u2019 para desarticular uma organiza\u00e7\u00e3o criminosa suspeita de tr\u00e1fico interestadual de drogas e de armas. No total, 14 pessoas j\u00e1 foram presas, sendo oito somente nesta madrugada.<\/p>\n<div id=\"attachment_88842\" style=\"width: 608px\" class=\"wp-caption aligncenter\"><a href=\"http:\/\/senoticias.com.br\/se\/wp-content\/uploads\/2016\/02\/policia_civil-e1455704736496.jpg\"><img loading=\"lazy\" decoding=\"async\" aria-describedby=\"caption-attachment-88842\" class=\"size-full wp-image-88842\" alt=\"Um dos presos na \u2018Opera\u00e7\u00e3o Gaviria\u2019 no interior da Bahia (Foto: Gerb\/Divulga\u00e7\u00e3o)\" src=\"http:\/\/senoticias.com.br\/se\/wp-content\/uploads\/2016\/02\/policia_civil-e1455704736496.jpg\" width=\"598\" height=\"449\" \/><\/a><p id=\"caption-attachment-88842\" class=\"wp-caption-text\">Um dos presos na \u2018Opera\u00e7\u00e3o Gaviria\u2019 no interior da Bahia (Foto: Gerb\/Divulga\u00e7\u00e3o)<\/p><\/div>\n<p style=\"text-align: justify;\">De acordo com a SSP, tr\u00eas suspeitos foram presos em Sergipe, tr\u00eas na\u00a0Bahia, um no\u00a0Mato Grosso do Sul\u00a0e um no munic\u00edpio de\u00a0Auriflama, em\u00a0S\u00e3o Paulo. Este \u00faltimo \u00e9 um homem de 39 anos apontado como o l\u00edder da quadrilha.<\/p>\n<p style=\"text-align: justify;\">A investiga\u00e7\u00e3o come\u00e7ou em\u00a0Sergipe\u00a0por policiais civis e militares do Complexo de Opera\u00e7\u00f5es Policiais Especiais (Cope), da Divis\u00e3o de Intelig\u00eancia da Pol\u00edcia Civil (Dipol) e Radiopatrulha. Policiais dos outros estados tamb\u00e9m colaboraram com a desarticula\u00e7\u00e3o do grupo. Outras pessoas ainda podem ser presas.<\/p>\n<p style=\"text-align: justify;\"><strong>Acompanhe o SE Not\u00edcias no\u00a0<a href=\"https:\/\/twitter.com\/Senoticias\" target=\"_blank\">Twitter<\/a>,<a href=\"https:\/\/www.instagram.com\/senoticias\/\" target=\"_blank\">\u00a0Instagram\u00a0<\/a>e no\u00a0<a href=\"https:\/\/www.facebook.com\/senoticias1\" target=\"_blank\">Facebook<\/a><\/strong><\/p>\n","protected":false},"excerpt":{"rendered":"<p>Marina Fontenele, do G1 SE A Secretaria de Estado da Seguran\u00e7a P\u00fablica (SSP) realiza na manh\u00e3 desta ter\u00e7a-feira (16) a \u2018Opera\u00e7\u00e3o Gaviria\u2019 para desarticular uma organiza\u00e7\u00e3o criminosa suspeita de tr\u00e1fico interestadual de drogas e de armas. No total, 14 pessoas j\u00e1 foram presas, sendo oito somente nesta madrugada. De acordo com a SSP, tr\u00eas suspeitos [&hellip;]<\/p>\n","protected":false},"author":1,"featured_media":88842,"comment_status":"closed","ping_status":"closed","sticky":false,"template":"","format":"standard","meta":{"footnotes":""},"categories":[15],"tags":[],"class_list":{"0":"post-88806","1":"post","2":"type-post","3":"status-publish","4":"format-standard","5":"has-post-thumbnail","7":"category-destaques"},"_links":{"self":[{"href":"https:\/\/senoticias.com.br\/se\/wp-json\/wp\/v2\/posts\/88806"}],"collection":[{"href":"https:\/\/senoticias.com.br\/se\/wp-json\/wp\/v2\/posts"}],"about":[{"href":"https:\/\/senoticias.com.br\/se\/wp-json\/wp\/v2\/types\/post"}],"author":[{"embeddable":true,"href":"https:\/\/senoticias.com.br\/se\/wp-json\/wp\/v2\/users\/1"}],"replies":[{"embeddable":true,"href":"https:\/\/senoticias.com.br\/se\/wp-json\/wp\/v2\/comments?post=88806"}],"version-history":[{"count":0,"href":"https:\/\/senoticias.com.br\/se\/wp-json\/wp\/v2\/posts\/88806\/revisions"}],"wp:featuredmedia":[{"embeddable":true,"href":"https:\/\/senoticias.com.br\/se\/wp-json\/wp\/v2\/media\/88842"}],"wp:attachment":[{"href":"https:\/\/senoticias.com.br\/se\/wp-json\/wp\/v2\/media?parent=88806"}],"wp:term":[{"taxonomy":"category","embeddable":true,"href":"https:\/\/senoticias.com.br\/se\/wp-json\/wp\/v2\/categories?post=88806"},{"taxonomy":"post_tag","embeddable":true,"href":"https:\/\/senoticias.com.br\/se\/wp-json\/wp\/v2\/tags?post=88806"}],"curies":[{"name":"wp","href":"https:\/\/api.w.org\/{rel}","templated":true}]}}