{"id":88803,"date":"2016-02-16T07:03:15","date_gmt":"2016-02-16T10:03:15","guid":{"rendered":"http:\/\/senoticias.com.br\/se\/?p=88803"},"modified":"2016-02-16T07:03:22","modified_gmt":"2016-02-16T10:03:22","slug":"vereadores-derosario-do-catete-retornam-as-atividades-e-voltam-a-debater-descaso-da-estre","status":"publish","type":"post","link":"https:\/\/senoticias.com.br\/se\/vereadores-derosario-do-catete-retornam-as-atividades-e-voltam-a-debater-descaso-da-estre\/","title":{"rendered":"Vereadores de Ros\u00e1rio do Catete retornam \u00e0s atividades e voltam a debater descaso da Estre"},"content":{"rendered":"<p style=\"text-align: justify;\">A C\u00e2mara de Vereadores de Ros\u00e1rio do Catete retomou os trabalhos legislativos na noite desta segunda-feira, 15. Entre outros assuntos, o mau cheiro gerado pelo aterro administrado pela empresa Estre Ambiental na cidade foi mais uma vez discutido entre os parlamentares. O tema foi levantado pelo vereador Ant\u00f4nio Teles, que afirmou que os maiores prejudicados pela situa\u00e7\u00e3o s\u00e3o os moradores do conjunto Mutir\u00e3o. O parlamentar acatou a sugest\u00e3o do vereador Jo\u00e3o Fontes de fazer uma comiss\u00e3o para analisar os trabalhos que a empresa vem realizando com rela\u00e7\u00e3o ao tratamento do lixo.<\/p>\n<div id=\"attachment_88804\" style=\"width: 608px\" class=\"wp-caption aligncenter\"><a href=\"http:\/\/senoticias.com.br\/se\/wp-content\/uploads\/2016\/02\/DSC_6578-e1455616949353.jpg\"><img loading=\"lazy\" decoding=\"async\" aria-describedby=\"caption-attachment-88804\" class=\"size-full wp-image-88804\" alt=\"O mau cheiro gerado pelo aterro administrado pela Estre Ambiental foi mais uma vez discutido entre os parlamentares.(Foto: Ascom\/C\u00e2mara)\" src=\"http:\/\/senoticias.com.br\/se\/wp-content\/uploads\/2016\/02\/DSC_6578-e1455616949353.jpg\" width=\"598\" height=\"398\" \/><\/a><p id=\"caption-attachment-88804\" class=\"wp-caption-text\">O mau cheiro gerado pelo aterro administrado pela Estre Ambiental foi mais uma vez discutido entre os parlamentares.(Foto: Ascom\/C\u00e2mara)<\/p><\/div>\n<p style=\"text-align: justify;\">Antonio Teles tamb\u00e9m destacou a sugest\u00e3o do colega parlamentar Manoel Santana de colocar um fiscal na entrada do aterro. A pauta foi refor\u00e7ada pela vereadora e l\u00edder do Governo Alik Teles, que ressaltou a problem\u00e1tica e disse que est\u00e1 \u00e0 disposi\u00e7\u00e3o para defender os interesses da popula\u00e7\u00e3o. A parlamentar, que \u00e9 suplente da vereadora Am\u00e9lia Passos e deve ficar na Casa at\u00e9 abril, usou a tribuna em tom de despedida, descrevendo sua passagem no legislativo municipal. O vereador Jo\u00e3o Fontes, que sugeriu a forma\u00e7\u00e3o de uma comiss\u00e3o para analisar os trabalhos da Estre, falou sobre sua passagem pela Secretaria de Meio Ambiente e os problemas enfrentados com o lixo que \u00e9 depositado no aterro no munic\u00edpio.<br \/>\nCarnaval<\/p>\n<p style=\"text-align: justify;\">O l\u00edder da oposi\u00e7\u00e3o, vereador Delson Le\u00e3o, reclamou do atraso dos benef\u00edcios sociais da Prefeitura. Tamb\u00e9m questionou a realiza\u00e7\u00e3o do carnaval por parte da Prefeitura mesmo com os sal\u00e1rios atrasados dos servidores municipais. O vereador acredita que provavelmente o gestor ser\u00e1 chamado pelo Tribunal de Contas para prestar esclarecimentos sobre a situa\u00e7\u00e3o. O vereador Murilo Menezes, por sua vez, garantiu que o prefeito tem feito o poss\u00edvel para deixar a Prefeitura em ordem, como a atualiza\u00e7\u00e3o de pagamento de sal\u00e1rios e benef\u00edcios sociais. Ele parabenizou os blocos locais pela realiza\u00e7\u00e3o do carnaval local e a popula\u00e7\u00e3o, pela tranquilidade que prevaleceu durante a festa.<\/p>\n<p style=\"text-align: justify;\"><strong>Elei\u00e7\u00f5es<\/strong><\/p>\n<p style=\"text-align: justify;\">O presidente da Casa, H\u00e9lio dos Santos, encerrou a sess\u00e3o fazendo um resumo de sua trajet\u00f3ria pol\u00edtica e comentando os principais pontos levantados durante a plen\u00e1ria. O parlamentar aproveitou a oportunidade para frisar que se sente preparado para disputar as pr\u00f3ximas elei\u00e7\u00f5es. Para isso, j\u00e1 tem o apoio dos colegas vereadores da oposi\u00e7\u00e3o do munic\u00edpio na apresenta\u00e7\u00e3o de um projeto consistente de mudan\u00e7a e crescimento.<\/p>\n<p style=\"text-align: justify;\"><strong>Acompanhe o SE Not\u00edcias no\u00a0<a href=\"https:\/\/twitter.com\/Senoticias\" target=\"_blank\">Twitter<\/a>,<a href=\"https:\/\/www.instagram.com\/senoticias\/\" target=\"_blank\">\u00a0Instagram\u00a0<\/a>e no\u00a0<a href=\"https:\/\/www.facebook.com\/senoticias1\" target=\"_blank\">Facebook<\/a><\/strong><\/p>\n<p style=\"text-align: justify;\"><em>Ascom\/C\u00e2mara de Ros\u00e1rio<\/em><\/p>\n","protected":false},"excerpt":{"rendered":"<p>A C\u00e2mara de Vereadores de Ros\u00e1rio do Catete retomou os trabalhos legislativos na noite desta segunda-feira, 15. Entre outros assuntos, o mau cheiro gerado pelo aterro administrado pela empresa Estre Ambiental na cidade foi mais uma vez discutido entre os parlamentares. O tema foi levantado pelo vereador Ant\u00f4nio Teles, que afirmou que os maiores prejudicados [&hellip;]<\/p>\n","protected":false},"author":1,"featured_media":88804,"comment_status":"closed","ping_status":"closed","sticky":false,"template":"","format":"standard","meta":{"footnotes":""},"categories":[38,6],"tags":[],"class_list":{"0":"post-88803","1":"post","2":"type-post","3":"status-publish","4":"format-standard","5":"has-post-thumbnail","7":"category-municipios","8":"category-politica"},"_links":{"self":[{"href":"https:\/\/senoticias.com.br\/se\/wp-json\/wp\/v2\/posts\/88803"}],"collection":[{"href":"https:\/\/senoticias.com.br\/se\/wp-json\/wp\/v2\/posts"}],"about":[{"href":"https:\/\/senoticias.com.br\/se\/wp-json\/wp\/v2\/types\/post"}],"author":[{"embeddable":true,"href":"https:\/\/senoticias.com.br\/se\/wp-json\/wp\/v2\/users\/1"}],"replies":[{"embeddable":true,"href":"https:\/\/senoticias.com.br\/se\/wp-json\/wp\/v2\/comments?post=88803"}],"version-history":[{"count":0,"href":"https:\/\/senoticias.com.br\/se\/wp-json\/wp\/v2\/posts\/88803\/revisions"}],"wp:featuredmedia":[{"embeddable":true,"href":"https:\/\/senoticias.com.br\/se\/wp-json\/wp\/v2\/media\/88804"}],"wp:attachment":[{"href":"https:\/\/senoticias.com.br\/se\/wp-json\/wp\/v2\/media?parent=88803"}],"wp:term":[{"taxonomy":"category","embeddable":true,"href":"https:\/\/senoticias.com.br\/se\/wp-json\/wp\/v2\/categories?post=88803"},{"taxonomy":"post_tag","embeddable":true,"href":"https:\/\/senoticias.com.br\/se\/wp-json\/wp\/v2\/tags?post=88803"}],"curies":[{"name":"wp","href":"https:\/\/api.w.org\/{rel}","templated":true}]}}