{"id":88698,"date":"2016-02-11T11:48:40","date_gmt":"2016-02-11T14:48:40","guid":{"rendered":"http:\/\/senoticias.com.br\/se\/?p=88698"},"modified":"2016-02-11T12:05:11","modified_gmt":"2016-02-11T15:05:11","slug":"operacao-carnaval-reducao-de-acidentes-nas-rodovias-federais-chega-a-25","status":"publish","type":"post","link":"https:\/\/senoticias.com.br\/se\/operacao-carnaval-reducao-de-acidentes-nas-rodovias-federais-chega-a-25\/","title":{"rendered":"Opera\u00e7\u00e3o Carnaval: redu\u00e7\u00e3o de acidentes nas rodovias federais chega a 25%"},"content":{"rendered":"<p><b>\u00a0<\/b><\/p>\n<p style=\"text-align: justify;\"><b>\u00a0<\/b><\/p>\n<p style=\"text-align: justify;\">\u00a0Dados da Pol\u00edcia Rodovi\u00e1ria Federal (PRF) apontam uma redu\u00e7\u00e3o de 25,9% no n\u00famero de acidentes nas rodovias federais de Sergipe durante a Opera\u00e7\u00e3o Carnaval 2016. De sexta-feira (5) at\u00e9 quarta-feira de cinzas (10), foram registrados 20 acidentes, com 24 feridos e uma morte. Em 2015 (de 13 a 18 de fevereiro), foram 27 acidentes, 27 feridos e sem registro de mortes.<\/p>\n<div id=\"attachment_88699\" style=\"width: 608px\" class=\"wp-caption aligncenter\"><a href=\"http:\/\/senoticias.com.br\/se\/wp-content\/uploads\/2016\/02\/PRF-Op-Carnaval-2016-comando-educativo-externo-e1455202296649.jpg\"><img loading=\"lazy\" decoding=\"async\" aria-describedby=\"caption-attachment-88699\" class=\"size-full wp-image-88699\" alt=\"PRF registrou redu\u00e7\u00e3o de acidentes nas rodovias federais em 25%.( Foto: PRF\/SE)\" src=\"http:\/\/senoticias.com.br\/se\/wp-content\/uploads\/2016\/02\/PRF-Op-Carnaval-2016-comando-educativo-externo-e1455202296649.jpg\" width=\"598\" height=\"336\" \/><\/a><p id=\"caption-attachment-88699\" class=\"wp-caption-text\">PRF registrou redu\u00e7\u00e3o de acidentes nas rodovias federais em 25%.( Foto: PRF\/SE)<\/p><\/div>\n<p style=\"text-align: justify;\"><b>\u00c1lcool e dire\u00e7\u00e3o<\/b><\/p>\n<p style=\"text-align: justify;\">Policiais Rodovi\u00e1rios Federais estiveram mobilizados em trechos considerados cr\u00edticos para aumentar a sensa\u00e7\u00e3o de seguran\u00e7a dos usu\u00e1rios de rodovias federais. Apesar do esfor\u00e7o de fiscaliza\u00e7\u00e3o em que 563 testes de alcoolemia foram realizados e dos trabalhos de sensibiliza\u00e7\u00e3o em rela\u00e7\u00e3o \u00e0 bebida alco\u00f3lica ao volante, 13 condutores foram flagrados dirigindo embriagados, destes quatro foram presos.<\/p>\n<p style=\"text-align: justify;\"><b>Excessos que matam<\/b><\/p>\n<p style=\"text-align: justify;\">Muitos condutores ainda insistem em desobedecer aos limites de velocidade das vias. Somente nesses dias de Opera\u00e7\u00e3o Carnaval, 236 ve\u00edculos foram flagrados com excesso de velocidade. A ultrapassagem proibida tamb\u00e9m foi alvo de fiscaliza\u00e7\u00e3o e 22 condutores foram multados pela infra\u00e7\u00e3o.<\/p>\n<p style=\"text-align: justify;\"><b>Educa\u00e7\u00e3o para o tr\u00e2nsito<\/b><\/p>\n<p style=\"text-align: justify;\">Durante os dias de folia, a PRF realizou campanhas educativas com o objetivo de alertar condutores e passageiros sobre a import\u00e2ncia da utiliza\u00e7\u00e3o dos equipamentos de seguran\u00e7a e o respeito \u00e0s normas de circula\u00e7\u00e3o previstas no C\u00f3digo de Tr\u00e2nsito Brasileiro. No total, 530 pessoas assistiram a palestras e foram orientadas.<\/p>\n<p style=\"text-align: justify;\"><strong>Acompanhe o SE Not\u00edcias no\u00a0<a href=\"https:\/\/twitter.com\/Senoticias\" target=\"_blank\">Twitter<\/a>,<a href=\"https:\/\/www.instagram.com\/senoticias\/\" target=\"_blank\">\u00a0Instagram<\/a>\u00a0e no\u00a0<a href=\"https:\/\/www.facebook.com\/senoticias1\" target=\"_blank\">Facebook<\/a><\/strong><\/p>\n<p style=\"text-align: justify;\"><strong>Ascom\/PRF\/SE<\/strong><\/p>\n","protected":false},"excerpt":{"rendered":"<p>\u00a0 \u00a0 \u00a0Dados da Pol\u00edcia Rodovi\u00e1ria Federal (PRF) apontam uma redu\u00e7\u00e3o de 25,9% no n\u00famero de acidentes nas rodovias federais de Sergipe durante a Opera\u00e7\u00e3o Carnaval 2016. De sexta-feira (5) at\u00e9 quarta-feira de cinzas (10), foram registrados 20 acidentes, com 24 feridos e uma morte. Em 2015 (de 13 a 18 de fevereiro), foram 27 [&hellip;]<\/p>\n","protected":false},"author":1,"featured_media":88699,"comment_status":"closed","ping_status":"closed","sticky":false,"template":"","format":"standard","meta":{"footnotes":""},"categories":[7],"tags":[],"class_list":{"0":"post-88698","1":"post","2":"type-post","3":"status-publish","4":"format-standard","5":"has-post-thumbnail","7":"category-policia"},"_links":{"self":[{"href":"https:\/\/senoticias.com.br\/se\/wp-json\/wp\/v2\/posts\/88698"}],"collection":[{"href":"https:\/\/senoticias.com.br\/se\/wp-json\/wp\/v2\/posts"}],"about":[{"href":"https:\/\/senoticias.com.br\/se\/wp-json\/wp\/v2\/types\/post"}],"author":[{"embeddable":true,"href":"https:\/\/senoticias.com.br\/se\/wp-json\/wp\/v2\/users\/1"}],"replies":[{"embeddable":true,"href":"https:\/\/senoticias.com.br\/se\/wp-json\/wp\/v2\/comments?post=88698"}],"version-history":[{"count":0,"href":"https:\/\/senoticias.com.br\/se\/wp-json\/wp\/v2\/posts\/88698\/revisions"}],"wp:featuredmedia":[{"embeddable":true,"href":"https:\/\/senoticias.com.br\/se\/wp-json\/wp\/v2\/media\/88699"}],"wp:attachment":[{"href":"https:\/\/senoticias.com.br\/se\/wp-json\/wp\/v2\/media?parent=88698"}],"wp:term":[{"taxonomy":"category","embeddable":true,"href":"https:\/\/senoticias.com.br\/se\/wp-json\/wp\/v2\/categories?post=88698"},{"taxonomy":"post_tag","embeddable":true,"href":"https:\/\/senoticias.com.br\/se\/wp-json\/wp\/v2\/tags?post=88698"}],"curies":[{"name":"wp","href":"https:\/\/api.w.org\/{rel}","templated":true}]}}