{"id":88695,"date":"2016-02-11T10:53:06","date_gmt":"2016-02-11T13:53:06","guid":{"rendered":"http:\/\/senoticias.com.br\/se\/?p=88695"},"modified":"2016-02-12T08:16:48","modified_gmt":"2016-02-12T11:16:48","slug":"encerrado-com-sucesso-o-carnaval-da-praia-da-caueira","status":"publish","type":"post","link":"https:\/\/senoticias.com.br\/se\/encerrado-com-sucesso-o-carnaval-da-praia-da-caueira\/","title":{"rendered":"Encerrado com sucesso o carnaval da Praia da Caueira"},"content":{"rendered":"<p style=\"text-align: justify;\">Saudades e boas lembran\u00e7as: Esse \u00e9 o sentimento de quem curtiu o melhor Carnaval do Litoral Sul de Sergipe. O Carnaval Verde e Amarelo da Caueira, em Itaporanga D\u2019Ajuda, terminou em clima de paz e muito alegria. Foram quatro dias de folia e muita anima\u00e7\u00e3o.<\/p>\n<p style=\"text-align: justify;\">\n<div id=\"attachment_88697\" style=\"width: 608px\" class=\"wp-caption aligncenter\"><a href=\"http:\/\/senoticias.com.br\/se\/wp-content\/uploads\/2016\/02\/ApObf6t06me4-ueLx-UiFaoAbds_SYJ3RJSkM_hbi78s-e1455200224557.jpg\"><img loading=\"lazy\" decoding=\"async\" aria-describedby=\"caption-attachment-88697\" class=\"size-full wp-image-88697\" alt=\"O carnaval da Caueira, que come\u00e7ou no s\u00e1bado \u00e0 noite, e terminou na desta ter\u00e7a-feira, teve a participa\u00e7\u00e3o de milhares de foli\u00f5es. (Foto: Ascom\/Prefeitura) \" src=\"http:\/\/senoticias.com.br\/se\/wp-content\/uploads\/2016\/02\/ApObf6t06me4-ueLx-UiFaoAbds_SYJ3RJSkM_hbi78s-e1455200224557.jpg\" width=\"598\" height=\"398\" \/><\/a><p id=\"caption-attachment-88697\" class=\"wp-caption-text\">O carnaval da Caueira, que come\u00e7ou no s\u00e1bado \u00e0 noite, e terminou na desta ter\u00e7a-feira, teve a participa\u00e7\u00e3o de milhares de foli\u00f5es. (Foto: Ascom\/Prefeitura)<\/p><\/div>\n<p style=\"text-align: justify;\">O evento, promovido pela Prefeitura de Itaporanga, aconteceu de 06 a 09 de fevereiro e contou com shows de bandas locais e nacionais. Atra\u00e7\u00f5es como Seewey, Y\u00eaba, Jeito de Ser, Bonde Love, Jam e Carreta, Cia do Ax\u00e9, Kelly Maria, Os Boleiros e Klessinha Sanddys animaram a orla a partir das 23h do s\u00e1bado, dia 6, at\u00e9 a ter\u00e7a-feira de Carnaval, dia 09.<\/p>\n<p style=\"text-align: justify;\">Al\u00e9m da bel\u00edssima decora\u00e7\u00e3o verde e amarela em homenagem \u00e0 Copa do Mundo, a festa teve ainda barracas padronizadas de venda de bebidas e lanches, gerando centenas de empregos diretos durante o Carnaval da Caueira.<\/p>\n<p style=\"text-align: justify;\">O bloco da Preven\u00e7\u00e3o, que foi puxado pela Banda Seeway, foi uma das grandes atra\u00e7\u00f5es. Atraindo um arrast\u00e3o com mais de 50 mil pessoas, o bloco teve a participa\u00e7\u00e3o do Camisildo, um ve\u00edculo Kombi em forma de camisinha, que serve para despertar e conscientizar as pessoas da import\u00e2ncia que tem o uso do preservativo nas rela\u00e7\u00f5es sexuais.<\/p>\n<p style=\"text-align: justify;\">Este ano, mais uma vez os pequenos comerciantes, cerca de 200, que foram devidamente cadastrados para comercializar seus produtos nos quatro dias de festa, ficaram isentos da taxa de comercializa\u00e7\u00e3o. O objetivo, segundo a Prefeitura, foi melhorar ainda mais a renda dos vendedores.<\/p>\n<p style=\"text-align: justify;\">A prefeita Maria das Gra\u00e7as (Gracinha), que participou dos quatro dias de folia, comemorou o sucesso de mais um Carnaval em clima de paz e anima\u00e7\u00e3o.<\/p>\n<p style=\"text-align: justify;\">\u201cEstamos todos felizes pelo sucesso de mais um Carnaval na Caueira. Foram quatro dias de muita paz, alegria, anima\u00e7\u00e3o e emo\u00e7\u00e3o. Todos que vieram para o nosso Carnaval sa\u00edram daqui felizes, pois brincaram \u00e0 vontade na maior tranquilidade poss\u00edvel. Ano que vem tem muito mais\u201d, lembra a prefeita, ressaltando o importante papel da pol\u00edcia e dos seguran\u00e7as particulares para a tranquilidade da festa.<\/p>\n<p style=\"text-align: justify;\">\u201cEssa tranquilidade \u00e9 fruto do bom trabalho realizado pelos amigos da Pol\u00edcia Militar, Pol\u00edcia Civil e dos seguran\u00e7as particulares. Eles s\u00e3o respons\u00e1veis tamb\u00e9m por mais um Carnaval de paz em nosso munic\u00edpio. A todos que fizeram a seguran\u00e7a de nossa festa, seja de forma direta ou indireta, muito obrigada. Agradecemos tamb\u00e9m a todos os foli\u00f5es que vieram com esp\u00edrito de paz e alegria\u201d, festeja Gracinha.<\/p>\n<p style=\"text-align: justify;\">Caravanas de cidades do interior sergipano e de estados vizinhos, como Bahia e Alagoas, vieram para curtir o Carnaval da Caueira e reconheceram a organiza\u00e7\u00e3o, anima\u00e7\u00e3o e seguran\u00e7a do evento.<\/p>\n<p style=\"text-align: justify;\">\u201cEstamos felizes em participar mais uma vez do Carnaval da Caueira, nesta praia linda e maravilhosa. Este j\u00e1 \u00e9 o segundo ano que escolhemos passar o Carnaval na Caueira pela sua tranquilidade, organiza\u00e7\u00e3o e seguran\u00e7a. \u00c9 uma pena que j\u00e1 acabou\u201d, diz sorridente a baiana Fl\u00e1via Oliveira Dantas, que veio acompanhada do namorado Luiz Santana Melo.<\/p>\n<p style=\"text-align: justify;\">O Carnaval da Caueira tamb\u00e9m mexeu com os cora\u00e7\u00f5es pernambucanos. Fernanda Alencar e Luciana Pereira vieram de recife para se divertir em terras sergipanas pela tranquilidade e seguran\u00e7a.<\/p>\n<p style=\"text-align: justify;\">\u201cPreferimos vir curtir o Carnaval em Sergipe, mais precisamente na Praia da Caueira, por ser uma festa que tem a marca da tranquilidade e muita divers\u00e3o. \u00c9 a primeira vez que viemos, mas como tudo ocorreu dentro do esperado, com certeza no ano que vem vamos estar aqui de novo. A festa foi maravilhosa, foi nota 10 em tudo\u201d, pontua a funcion\u00e1ria p\u00fablica, respaldada pela colega.<\/p>\n<p style=\"text-align: justify;\"><strong>Sa\u00fade<\/strong><\/p>\n<p style=\"text-align: justify;\">Durante os quatro dias, 150 atendimentos foram realizados no Posto de Urg\u00eancia, montado na Pra\u00e7a de Eventos, que contou ainda com sala de estabiliza\u00e7\u00e3o. A maioria dos atendimentos, cerca de 90% das ocorr\u00eancias, foi motivada por hipoglicemia. Ou seja, baixa de glicose no sangue.<\/p>\n<p style=\"text-align: justify;\">O Posto Avan\u00e7ado de Sa\u00fade, contou com dois m\u00e9dicos, dois enfermeiros, dois t\u00e9cnicos de enfermagem, dois auxiliares de enfermagem e duas ambul\u00e2ncias.<\/p>\n<p style=\"text-align: justify;\"><strong>Seguran\u00e7a<\/strong><\/p>\n<p style=\"text-align: justify;\">Mais de 200 homens, entre policiais militares, civis e seguran\u00e7as particulares, garantiram a ordem no evento. Cerca de 200 servidores de v\u00e1rias Secretarias tamb\u00e9m estiveram participando da organiza\u00e7\u00e3o e seguran\u00e7a da festa, al\u00e9m de fiscais da Vigil\u00e2ncia Sanit\u00e1ria e Conselho Tutelar.<\/p>\n<p style=\"text-align: justify;\">Para facilitar o trabalho dos policiais e seguran\u00e7as, a Prefeitura havia contratado uma empresa de seguran\u00e7a digital para fazer o monitoramento do evento atrav\u00e9s de c\u00e2meras de alto alcance e resolu\u00e7\u00e3o.<\/p>\n<p style=\"text-align: justify;\">A Pol\u00edcia Militar calculou uma m\u00e9dia de 15 mil pessoas por dia no evento, perfazendo cerca de 60 mil pessoas nos quatro dias de Carnaval.<\/p>\n<p style=\"text-align: justify;\"><strong>Autoridades<\/strong><\/p>\n<p style=\"text-align: justify;\">Al\u00e9m da prefeita Gracinha, marcaram presen\u00e7as no Carnaval da Caueira os vereadores: Bruno Sobral, Renatinho de Z\u00e9 de Lili, presidente da C\u00e2mara Municipal, Gilson Me Ajude, Professor Humberto, Mariza da Mata, Celinha Sobral, Tonho de Luquinha, Marcelo Anchieta; o deputado federal: Adelson Barreto, e os deputados estaduais: Gustinho Ribeiro, Ven\u00e2ncio Fonseca e Luciano Pimentel.<\/p>\n<p style=\"text-align: justify;\">Tamb\u00e9m prestigiaram o evento secret\u00e1rios municipais: Thiago Luduvice (Governo), Elis\u00f4nia Lisboa (Sa\u00fade), Maria de F\u00e1tima (Cultura e Turismo), C\u00e9sar de Beb\u00e9 (Agricultura, Com\u00e9rcio e Ind\u00fastria), Ant\u00f4nio Pedro (Controle Interno), Francinaldo Alves (Esporte e Juventude), Igor Garcez (Obras e Transportes), Fausto Sobral (Meio Ambiente) e Rubens Murilo (Administra\u00e7\u00e3o).<\/p>\n<p style=\"text-align: justify;\">Clique <a href=\"https:\/\/www.facebook.com\/pmitaporanga\/posts\/833574486787822\" target=\"_blank\"><strong>AQUI<\/strong> <\/a>e confira a galeria de fotos<\/p>\n<p><strong>Acompanhe o SE Not\u00edcias no\u00a0<a href=\"https:\/\/twitter.com\/Senoticias\" target=\"_blank\">Twitter<\/a>,<a href=\"https:\/\/www.instagram.com\/senoticias\/\" target=\"_blank\">\u00a0Instagram<\/a>\u00a0e no\u00a0<a href=\"https:\/\/www.facebook.com\/senoticias1\" target=\"_blank\">Facebook<\/a><\/strong><\/p>\n<p><strong>Ascom\/Prefeitura de Itaporanga<\/strong><\/p>\n","protected":false},"excerpt":{"rendered":"<p>Saudades e boas lembran\u00e7as: Esse \u00e9 o sentimento de quem curtiu o melhor Carnaval do Litoral Sul de Sergipe. O Carnaval Verde e Amarelo da Caueira, em Itaporanga D\u2019Ajuda, terminou em clima de paz e muito alegria. Foram quatro dias de folia e muita anima\u00e7\u00e3o. O evento, promovido pela Prefeitura de Itaporanga, aconteceu de 06 [&hellip;]<\/p>\n","protected":false},"author":1,"featured_media":88697,"comment_status":"closed","ping_status":"closed","sticky":false,"template":"","format":"standard","meta":{"footnotes":""},"categories":[310,38],"tags":[],"class_list":{"0":"post-88695","1":"post","2":"type-post","3":"status-publish","4":"format-standard","5":"has-post-thumbnail","7":"category-destaques-da-semana","8":"category-municipios"},"_links":{"self":[{"href":"https:\/\/senoticias.com.br\/se\/wp-json\/wp\/v2\/posts\/88695"}],"collection":[{"href":"https:\/\/senoticias.com.br\/se\/wp-json\/wp\/v2\/posts"}],"about":[{"href":"https:\/\/senoticias.com.br\/se\/wp-json\/wp\/v2\/types\/post"}],"author":[{"embeddable":true,"href":"https:\/\/senoticias.com.br\/se\/wp-json\/wp\/v2\/users\/1"}],"replies":[{"embeddable":true,"href":"https:\/\/senoticias.com.br\/se\/wp-json\/wp\/v2\/comments?post=88695"}],"version-history":[{"count":0,"href":"https:\/\/senoticias.com.br\/se\/wp-json\/wp\/v2\/posts\/88695\/revisions"}],"wp:featuredmedia":[{"embeddable":true,"href":"https:\/\/senoticias.com.br\/se\/wp-json\/wp\/v2\/media\/88697"}],"wp:attachment":[{"href":"https:\/\/senoticias.com.br\/se\/wp-json\/wp\/v2\/media?parent=88695"}],"wp:term":[{"taxonomy":"category","embeddable":true,"href":"https:\/\/senoticias.com.br\/se\/wp-json\/wp\/v2\/categories?post=88695"},{"taxonomy":"post_tag","embeddable":true,"href":"https:\/\/senoticias.com.br\/se\/wp-json\/wp\/v2\/tags?post=88695"}],"curies":[{"name":"wp","href":"https:\/\/api.w.org\/{rel}","templated":true}]}}