{"id":88691,"date":"2016-02-11T09:19:55","date_gmt":"2016-02-11T12:19:55","guid":{"rendered":"http:\/\/senoticias.com.br\/se\/?p=88691"},"modified":"2016-02-12T14:27:35","modified_gmt":"2016-02-12T17:27:35","slug":"motociclista-morre-apos-ser-atropelado-por-onibus-em-aracaju","status":"publish","type":"post","link":"https:\/\/senoticias.com.br\/se\/motociclista-morre-apos-ser-atropelado-por-onibus-em-aracaju\/","title":{"rendered":"Motociclista morre ap\u00f3s ser atropelado por \u00f4nibus em Aracaju"},"content":{"rendered":"<p style=\"text-align: justify;\">Cleverton Lima de Jesus, 41 anos,\u00a0morreu por volta das 7h desta quinta-feira (11) ap\u00f3s ser atropelado por um \u00f4nibus no cruzamento da Avenida Gentil Tavares e Rua Quirino, no Bairro 18 do Forte em\u00a0Aracaju.<\/p>\n<div id=\"attachment_88693\" style=\"width: 608px\" class=\"wp-caption aligncenter\"><a href=\"http:\/\/senoticias.com.br\/se\/wp-content\/uploads\/2016\/02\/onis-e1455192926670.jpg\"><img loading=\"lazy\" decoding=\"async\" aria-describedby=\"caption-attachment-88693\" class=\"size-full wp-image-88693\" alt=\"Acidente foi no cruzamento da Avenida Gentil Tavares e Rua Quirino\" src=\"http:\/\/senoticias.com.br\/se\/wp-content\/uploads\/2016\/02\/onis-e1455192926670.jpg\" width=\"598\" height=\"238\" \/><\/a><p id=\"caption-attachment-88693\" class=\"wp-caption-text\">Acidente foi no cruzamento da Avenida Gentil Tavares e Rua Dom Quirino. (Foto: Marcos Couto)<\/p><\/div>\n<p style=\"text-align: justify;\">A informa\u00e7\u00e3o inicial \u00e9 que os dois condutores seguiam pela avenida e viraram \u00e0 direita para entrar na rua quando a colis\u00e3o aconteceu. Per\u00edcia T\u00e9cnica vai apurar as circunst\u00e2ncias do acidente. O Instituto M\u00e9dico Legal (IML) foi acionado para recolher o corpo da v\u00edtima.<\/p>\n<p style=\"text-align: justify;\"><strong>Acompanhe o SE Not\u00edcias no\u00a0<a href=\"https:\/\/twitter.com\/Senoticias\" target=\"_blank\">Twitter<\/a>,<a href=\"https:\/\/www.instagram.com\/senoticias\/\" target=\"_blank\">\u00a0Instagram<\/a>\u00a0e no\u00a0<a href=\"https:\/\/www.facebook.com\/senoticias1\" target=\"_blank\">Facebook<\/a><\/strong><\/p>\n<p style=\"text-align: justify;\"><strong><em>Com informa\u00e7\u00f5es do G1 SE<\/em><\/strong><\/p>\n","protected":false},"excerpt":{"rendered":"<p>Cleverton Lima de Jesus, 41 anos,\u00a0morreu por volta das 7h desta quinta-feira (11) ap\u00f3s ser atropelado por um \u00f4nibus no cruzamento da Avenida Gentil Tavares e Rua Quirino, no Bairro 18 do Forte em\u00a0Aracaju. A informa\u00e7\u00e3o inicial \u00e9 que os dois condutores seguiam pela avenida e viraram \u00e0 direita para entrar na rua quando a [&hellip;]<\/p>\n","protected":false},"author":1,"featured_media":88693,"comment_status":"closed","ping_status":"closed","sticky":false,"template":"","format":"standard","meta":{"footnotes":""},"categories":[310,7],"tags":[],"class_list":{"0":"post-88691","1":"post","2":"type-post","3":"status-publish","4":"format-standard","5":"has-post-thumbnail","7":"category-destaques-da-semana","8":"category-policia"},"_links":{"self":[{"href":"https:\/\/senoticias.com.br\/se\/wp-json\/wp\/v2\/posts\/88691"}],"collection":[{"href":"https:\/\/senoticias.com.br\/se\/wp-json\/wp\/v2\/posts"}],"about":[{"href":"https:\/\/senoticias.com.br\/se\/wp-json\/wp\/v2\/types\/post"}],"author":[{"embeddable":true,"href":"https:\/\/senoticias.com.br\/se\/wp-json\/wp\/v2\/users\/1"}],"replies":[{"embeddable":true,"href":"https:\/\/senoticias.com.br\/se\/wp-json\/wp\/v2\/comments?post=88691"}],"version-history":[{"count":0,"href":"https:\/\/senoticias.com.br\/se\/wp-json\/wp\/v2\/posts\/88691\/revisions"}],"wp:featuredmedia":[{"embeddable":true,"href":"https:\/\/senoticias.com.br\/se\/wp-json\/wp\/v2\/media\/88693"}],"wp:attachment":[{"href":"https:\/\/senoticias.com.br\/se\/wp-json\/wp\/v2\/media?parent=88691"}],"wp:term":[{"taxonomy":"category","embeddable":true,"href":"https:\/\/senoticias.com.br\/se\/wp-json\/wp\/v2\/categories?post=88691"},{"taxonomy":"post_tag","embeddable":true,"href":"https:\/\/senoticias.com.br\/se\/wp-json\/wp\/v2\/tags?post=88691"}],"curies":[{"name":"wp","href":"https:\/\/api.w.org\/{rel}","templated":true}]}}