{"id":88614,"date":"2016-02-07T15:16:52","date_gmt":"2016-02-07T18:16:52","guid":{"rendered":"http:\/\/senoticias.com.br\/se\/?p=88614"},"modified":"2016-02-07T15:16:52","modified_gmt":"2016-02-07T18:16:52","slug":"segunda-parcela-do-programa-mao-amiga-ja-esta-disponivel-para-saque","status":"publish","type":"post","link":"https:\/\/senoticias.com.br\/se\/segunda-parcela-do-programa-mao-amiga-ja-esta-disponivel-para-saque\/","title":{"rendered":"Segunda parcela do Programa M\u00e3o Amiga j\u00e1 est\u00e1 dispon\u00edvel para saque"},"content":{"rendered":"<p style=\"text-align: justify;\">A segunda parcela do Programa M\u00e3o Amiga j\u00e1 est\u00e1 dispon\u00edvel para saque nas ag\u00eancias do Banco do Estado de Sergipe (Banese). A informa\u00e7\u00e3o foi divulgada neste domingo (7) pela Secretaria de Estado da Mulher, da Inclus\u00e3o e Assist\u00eancia Social, do Trabalho e dos Direitos Humanos (SEIDH). Cerca de R$ 820 mil ser\u00e3o distribu\u00eddos entre os 4.312 benefici\u00e1rios da cultura da laranja.<\/p>\n<div id=\"attachment_87707\" style=\"width: 606px\" class=\"wp-caption aligncenter\"><a href=\"http:\/\/senoticias.com.br\/se\/wp-content\/uploads\/2016\/01\/201f134f12879d6531291be311e96040-e1452206942161.jpeg\"><img loading=\"lazy\" decoding=\"async\" aria-describedby=\"caption-attachment-87707\" class=\"size-full wp-image-87707\" alt=\"Foto: Divulga\u00e7\u00e3o ASN\" src=\"http:\/\/senoticias.com.br\/se\/wp-content\/uploads\/2016\/01\/201f134f12879d6531291be311e96040-e1452206942161.jpeg\" width=\"596\" height=\"396\" \/><\/a><p id=\"caption-attachment-87707\" class=\"wp-caption-text\">Foto: Divulga\u00e7\u00e3o ASN<\/p><\/div>\n<p style=\"text-align: justify;\">Esta etapa \u00e9 a segunda das quatro parcelas no valor de R$ 190 pagas aos agricultores no per\u00edodo da entressafra. No total, 14 munic\u00edpios da citricultura s\u00e3o contemplados com o programa.<\/p>\n<p style=\"text-align: justify;\">\n<strong>Acompanhe o SE Not\u00edcias no <a href=\"https:\/\/twitter.com\/Senoticias\" target=\"_blank\">Twitter<\/a>, <a href=\"https:\/\/www.instagram.com\/senoticias\/\" target=\"_blank\">Instagram<\/a> e no <a href=\"https:\/\/www.facebook.com\/senoticias1\" target=\"_blank\">Facebook<\/a><\/strong><\/p>\n<p style=\"text-align: justify;\"><strong>\u00a0<\/strong><\/p>\n<p style=\"text-align: justify;\">\n<strong>Fonte: Portal G1 SE.<\/strong><\/p>\n","protected":false},"excerpt":{"rendered":"<p>A segunda parcela do Programa M\u00e3o Amiga j\u00e1 est\u00e1 dispon\u00edvel para saque nas ag\u00eancias do Banco do Estado de Sergipe (Banese). A informa\u00e7\u00e3o foi divulgada neste domingo (7) pela Secretaria de Estado da Mulher, da Inclus\u00e3o e Assist\u00eancia Social, do Trabalho e dos Direitos Humanos (SEIDH). Cerca de R$ 820 mil ser\u00e3o distribu\u00eddos entre os [&hellip;]<\/p>\n","protected":false},"author":3,"featured_media":87707,"comment_status":"closed","ping_status":"closed","sticky":false,"template":"","format":"standard","meta":{"footnotes":""},"categories":[38],"tags":[],"class_list":{"0":"post-88614","1":"post","2":"type-post","3":"status-publish","4":"format-standard","5":"has-post-thumbnail","7":"category-municipios"},"_links":{"self":[{"href":"https:\/\/senoticias.com.br\/se\/wp-json\/wp\/v2\/posts\/88614"}],"collection":[{"href":"https:\/\/senoticias.com.br\/se\/wp-json\/wp\/v2\/posts"}],"about":[{"href":"https:\/\/senoticias.com.br\/se\/wp-json\/wp\/v2\/types\/post"}],"author":[{"embeddable":true,"href":"https:\/\/senoticias.com.br\/se\/wp-json\/wp\/v2\/users\/3"}],"replies":[{"embeddable":true,"href":"https:\/\/senoticias.com.br\/se\/wp-json\/wp\/v2\/comments?post=88614"}],"version-history":[{"count":0,"href":"https:\/\/senoticias.com.br\/se\/wp-json\/wp\/v2\/posts\/88614\/revisions"}],"wp:featuredmedia":[{"embeddable":true,"href":"https:\/\/senoticias.com.br\/se\/wp-json\/wp\/v2\/media\/87707"}],"wp:attachment":[{"href":"https:\/\/senoticias.com.br\/se\/wp-json\/wp\/v2\/media?parent=88614"}],"wp:term":[{"taxonomy":"category","embeddable":true,"href":"https:\/\/senoticias.com.br\/se\/wp-json\/wp\/v2\/categories?post=88614"},{"taxonomy":"post_tag","embeddable":true,"href":"https:\/\/senoticias.com.br\/se\/wp-json\/wp\/v2\/tags?post=88614"}],"curies":[{"name":"wp","href":"https:\/\/api.w.org\/{rel}","templated":true}]}}