{"id":88611,"date":"2016-02-07T15:11:15","date_gmt":"2016-02-07T18:11:15","guid":{"rendered":"http:\/\/senoticias.com.br\/se\/?p=88611"},"modified":"2016-02-09T22:00:52","modified_gmt":"2016-02-10T01:00:52","slug":"homem-e-morto-a-tiros-nas-proximidades-da-feira-de-lagarto","status":"publish","type":"post","link":"https:\/\/senoticias.com.br\/se\/homem-e-morto-a-tiros-nas-proximidades-da-feira-de-lagarto\/","title":{"rendered":"Homem \u00e9 morto a tiros nas proximidades da feira de Lagarto"},"content":{"rendered":"<p style=\"text-align: justify;\">Um homem foi morto a tiros por volta das 9h da manh\u00e3 deste domingo (7), nas imedia\u00e7\u00f5es da feira do munic\u00edpio de Lagarto. A v\u00edtima era conhecida como \u201cBuj\u00e3o da Boa Vista\u201d.<\/p>\n<div id=\"attachment_88612\" style=\"width: 606px\" class=\"wp-caption aligncenter\"><a href=\"http:\/\/senoticias.com.br\/se\/wp-content\/uploads\/2016\/02\/1450762711-corpo-lagarto-e1454868630298.jpg\"><img loading=\"lazy\" decoding=\"async\" aria-describedby=\"caption-attachment-88612\" class=\"size-full wp-image-88612\" alt=\"Foto: Portal A8secom\" src=\"http:\/\/senoticias.com.br\/se\/wp-content\/uploads\/2016\/02\/1450762711-corpo-lagarto-e1454868630298.jpg\" width=\"596\" height=\"348\" \/><\/a><p id=\"caption-attachment-88612\" class=\"wp-caption-text\">Foto: Portal A8secom<\/p><\/div>\n<p>De acordo com informa\u00e7\u00f5es, dois homens armados desceram de um ve\u00edculo e atiraram contra o jovem. A v\u00edtima caiu na cal\u00e7ada de uma resid\u00eancia e morreu no local.<\/p>\n<p>Segundo informa\u00e7\u00f5es, a v\u00edtima tinha acabado de chegar ao local de motocicleta quando foi atingido pelos tiros.<\/p>\n<p>A Pol\u00edcia Militar e o IML foram acionados at\u00e9 o local do crime.<\/p>\n<p><strong>Acompanhe o SE Not\u00edcias no <a href=\"https:\/\/twitter.com\/Senoticias\" target=\"_blank\">Twitter<\/a>, <a href=\"https:\/\/www.instagram.com\/senoticias\/\" target=\"_blank\">Instagram<\/a> e no <a href=\"https:\/\/www.facebook.com\/senoticias1\" target=\"_blank\">Facebook<\/a><\/strong><\/p>\n<p><strong>\u00a0<\/strong><br \/>\n<strong>Fonte: Portal A8SE.com.<\/strong><\/p>\n","protected":false},"excerpt":{"rendered":"<p>Um homem foi morto a tiros por volta das 9h da manh\u00e3 deste domingo (7), nas imedia\u00e7\u00f5es da feira do munic\u00edpio de Lagarto. A v\u00edtima era conhecida como \u201cBuj\u00e3o da Boa Vista\u201d. De acordo com informa\u00e7\u00f5es, dois homens armados desceram de um ve\u00edculo e atiraram contra o jovem. A v\u00edtima caiu na cal\u00e7ada de uma [&hellip;]<\/p>\n","protected":false},"author":3,"featured_media":88612,"comment_status":"closed","ping_status":"closed","sticky":false,"template":"","format":"standard","meta":{"footnotes":""},"categories":[7],"tags":[],"class_list":{"0":"post-88611","1":"post","2":"type-post","3":"status-publish","4":"format-standard","5":"has-post-thumbnail","7":"category-policia"},"_links":{"self":[{"href":"https:\/\/senoticias.com.br\/se\/wp-json\/wp\/v2\/posts\/88611"}],"collection":[{"href":"https:\/\/senoticias.com.br\/se\/wp-json\/wp\/v2\/posts"}],"about":[{"href":"https:\/\/senoticias.com.br\/se\/wp-json\/wp\/v2\/types\/post"}],"author":[{"embeddable":true,"href":"https:\/\/senoticias.com.br\/se\/wp-json\/wp\/v2\/users\/3"}],"replies":[{"embeddable":true,"href":"https:\/\/senoticias.com.br\/se\/wp-json\/wp\/v2\/comments?post=88611"}],"version-history":[{"count":0,"href":"https:\/\/senoticias.com.br\/se\/wp-json\/wp\/v2\/posts\/88611\/revisions"}],"wp:featuredmedia":[{"embeddable":true,"href":"https:\/\/senoticias.com.br\/se\/wp-json\/wp\/v2\/media\/88612"}],"wp:attachment":[{"href":"https:\/\/senoticias.com.br\/se\/wp-json\/wp\/v2\/media?parent=88611"}],"wp:term":[{"taxonomy":"category","embeddable":true,"href":"https:\/\/senoticias.com.br\/se\/wp-json\/wp\/v2\/categories?post=88611"},{"taxonomy":"post_tag","embeddable":true,"href":"https:\/\/senoticias.com.br\/se\/wp-json\/wp\/v2\/tags?post=88611"}],"curies":[{"name":"wp","href":"https:\/\/api.w.org\/{rel}","templated":true}]}}