{"id":88367,"date":"2016-01-28T10:01:15","date_gmt":"2016-01-28T13:01:15","guid":{"rendered":"http:\/\/senoticias.com.br\/se\/?p=88367"},"modified":"2016-01-28T10:01:15","modified_gmt":"2016-01-28T13:01:15","slug":"pelo-facebook-lula-repudia-tentativa-de-envolve-lo-na-operacao-lava-jato","status":"publish","type":"post","link":"https:\/\/senoticias.com.br\/se\/pelo-facebook-lula-repudia-tentativa-de-envolve-lo-na-operacao-lava-jato\/","title":{"rendered":"Pelo Facebook, Lula repudia tentativa de envolv\u00ea-lo na Opera\u00e7\u00e3o Lava Jato"},"content":{"rendered":"<p style=\"text-align: justify;\">O ex-presidente Luiz In\u00e1cio Lula da Silva divulgou nota, em sua conta na rede social Facebook, repudiando a tentativa de envolv\u00ea-lo em atos il\u00edcitos investigados pela Opera\u00e7\u00e3o Lava Jato.<\/p>\n<p style=\"text-align: justify;\">Not\u00edcias veiculadas pela imprensa apontam que a nova fase da Lava Jato, deflagrada ontem (27) pela Pol\u00edcia Federal, estaria se aproximando do ex-presidente. Essa nova fase investiga suposta lavagem de dinheiro com a compra de empreendimentos imobili\u00e1rios no Guaruj\u00e1, litoral paulista.<\/p>\n<div id=\"attachment_83866\" style=\"width: 606px\" class=\"wp-caption aligncenter\"><a href=\"http:\/\/senoticias.com.br\/se\/wp-content\/uploads\/2015\/09\/721j3gva58_r859vwf8u_file-e1453986003695.jpeg\"><img loading=\"lazy\" decoding=\"async\" aria-describedby=\"caption-attachment-83866\" class=\"size-full wp-image-83866\" alt=\"(Foto: Ricardo Stuckert \/ Instituto Lula) \" src=\"http:\/\/senoticias.com.br\/se\/wp-content\/uploads\/2015\/09\/721j3gva58_r859vwf8u_file-e1453986003695.jpeg\" width=\"596\" height=\"395\" \/><\/a><p id=\"caption-attachment-83866\" class=\"wp-caption-text\">(Foto: Ricardo Stuckert \/ Instituto Lula)<\/p><\/div>\n<p style=\"text-align: justify;\">Na nota, Lula diz que, nos \u00faltimos anos, nenhum l\u00edder brasileiro teve a vida particular e partid\u00e1ria t\u00e3o vasculhada quanto ele, contra quem jamais foram encontradas acusa\u00e7\u00f5es v\u00e1lidas.<\/p>\n<p style=\"text-align: justify;\"><strong>Leia abaixo o texto na \u00edntegra:<\/strong><\/p>\n<p style=\"text-align: justify;\">\u201cO ex-presidente Lula n\u00e3o foi sequer citado na decis\u00e3o do juiz S\u00e9rgio Moro e repudia qualquer tentativa de envolver seu nome em atos il\u00edcitos investigados na chamada Opera\u00e7\u00e3o Lava Jato.<\/p>\n<p style=\"text-align: justify;\">Nos \u00faltimos 40 anos, nenhum l\u00edder brasileiro teve a vida particular e partid\u00e1ria t\u00e3o vasculhada quanto Lula e jamais encontraram acusa\u00e7\u00e3o v\u00e1lida contra ele.<\/p>\n<p style=\"text-align: justify;\">Lula foi preso, sim, mas pela ditadura, porque lutava pela democracia no Brasil e pelos direitos dos trabalhadores. N\u00e3o ser\u00e1 investigando um apartamento \u2013 que nem mesmo lhe pertence \u2013 que v\u00e3o encontrar uma n\u00f3doa em sua vida.<\/p>\n<p style=\"text-align: justify;\">Lula nunca escondeu que sua fam\u00edlia comprou, a presta\u00e7\u00f5es, uma cota da Bancoop, para ter um apartamento onde hoje \u00e9 o edif\u00edcio Solaris. Isso foi declarado ao Fisco e \u00e9 p\u00fablico desde 2006. Ou seja: pagou, n\u00e3o recebeu dinheiro pelo im\u00f3vel.<\/p>\n<p style=\"text-align: justify;\">Para ter o apartamento, de fato e de direito, seria necess\u00e1rio pagar a diferen\u00e7a entre o valor da cota e o valor do im\u00f3vel, com as modifica\u00e7\u00f5es e acr\u00e9scimos ao projeto original. A fam\u00edlia do ex-presidente n\u00e3o exerceu esse direito.<\/p>\n<p style=\"text-align: justify;\">Portanto, Lula n\u00e3o ocultou patrim\u00f4nio, n\u00e3o recebeu favores, n\u00e3o fez nada ilegal. E continuar\u00e1 lutando em defesa do Brasil, do Estado de Direito e da democracia.\u201d<\/p>\n<p style=\"text-align: justify;\">\n<p style=\"text-align: justify;\"><strong>Acompanhe o SE Not\u00edcias no<a href=\"https:\/\/twitter.com\/Senoticias\" target=\"_blank\"> Twitter<\/a> e no <a href=\"https:\/\/www.facebook.com\/senoticias1\" target=\"_blank\">Facebook<\/a><\/strong><\/p>\n<p style=\"text-align: justify;\"><strong>\u00a0<\/strong><\/p>\n<p style=\"text-align: justify;\">\n<strong>Fonte: Portal Ag\u00eancia Brasil.<\/strong><\/p>\n","protected":false},"excerpt":{"rendered":"<p>O ex-presidente Luiz In\u00e1cio Lula da Silva divulgou nota, em sua conta na rede social Facebook, repudiando a tentativa de envolv\u00ea-lo em atos il\u00edcitos investigados pela Opera\u00e7\u00e3o Lava Jato. Not\u00edcias veiculadas pela imprensa apontam que a nova fase da Lava Jato, deflagrada ontem (27) pela Pol\u00edcia Federal, estaria se aproximando do ex-presidente. Essa nova fase [&hellip;]<\/p>\n","protected":false},"author":3,"featured_media":83866,"comment_status":"closed","ping_status":"closed","sticky":false,"template":"","format":"standard","meta":{"footnotes":""},"categories":[6],"tags":[],"class_list":{"0":"post-88367","1":"post","2":"type-post","3":"status-publish","4":"format-standard","5":"has-post-thumbnail","7":"category-politica"},"_links":{"self":[{"href":"https:\/\/senoticias.com.br\/se\/wp-json\/wp\/v2\/posts\/88367"}],"collection":[{"href":"https:\/\/senoticias.com.br\/se\/wp-json\/wp\/v2\/posts"}],"about":[{"href":"https:\/\/senoticias.com.br\/se\/wp-json\/wp\/v2\/types\/post"}],"author":[{"embeddable":true,"href":"https:\/\/senoticias.com.br\/se\/wp-json\/wp\/v2\/users\/3"}],"replies":[{"embeddable":true,"href":"https:\/\/senoticias.com.br\/se\/wp-json\/wp\/v2\/comments?post=88367"}],"version-history":[{"count":0,"href":"https:\/\/senoticias.com.br\/se\/wp-json\/wp\/v2\/posts\/88367\/revisions"}],"wp:featuredmedia":[{"embeddable":true,"href":"https:\/\/senoticias.com.br\/se\/wp-json\/wp\/v2\/media\/83866"}],"wp:attachment":[{"href":"https:\/\/senoticias.com.br\/se\/wp-json\/wp\/v2\/media?parent=88367"}],"wp:term":[{"taxonomy":"category","embeddable":true,"href":"https:\/\/senoticias.com.br\/se\/wp-json\/wp\/v2\/categories?post=88367"},{"taxonomy":"post_tag","embeddable":true,"href":"https:\/\/senoticias.com.br\/se\/wp-json\/wp\/v2\/tags?post=88367"}],"curies":[{"name":"wp","href":"https:\/\/api.w.org\/{rel}","templated":true}]}}