{"id":88363,"date":"2016-01-28T08:20:55","date_gmt":"2016-01-28T11:20:55","guid":{"rendered":"http:\/\/senoticias.com.br\/se\/?p=88363"},"modified":"2016-01-29T20:25:59","modified_gmt":"2016-01-29T23:25:59","slug":"bombeiros-de-sergipe-passam-a-usar-novo-uniforme","status":"publish","type":"post","link":"https:\/\/senoticias.com.br\/se\/bombeiros-de-sergipe-passam-a-usar-novo-uniforme\/","title":{"rendered":"Bombeiros de Sergipe passam a usar novo uniforme"},"content":{"rendered":"<p style=\"text-align: justify;\">O uniforme operacional do Corpo de Bombeiros Militar de Sergipe (CBMSE) deixa de ser c\u00e1qui e passa a ser laranja. A readequa\u00e7\u00e3o foi necess\u00e1ria porque h\u00e1 estudos que comprovam que o laranja \u00e9 a cor universal do salvamento, sendo facilmente percebida a longa dist\u00e2ncia e possibilitando melhor identifica\u00e7\u00e3o do bombeiro junto \u00e0 popula\u00e7\u00e3o. A mudan\u00e7a, prevista no Regulamento de Uniformes publicado pela corpora\u00e7\u00e3o em novembro de 2014, est\u00e1 acontecendo gradativamente nos quart\u00e9is de todo o estado.<\/p>\n<p style=\"text-align: justify;\"><a href=\"http:\/\/senoticias.com.br\/se\/wp-content\/uploads\/2016\/01\/bombeiros-e1453979938120.jpg\"><img loading=\"lazy\" decoding=\"async\" class=\"aligncenter size-full wp-image-88364\" alt=\"bombeiros\" src=\"http:\/\/senoticias.com.br\/se\/wp-content\/uploads\/2016\/01\/bombeiros-e1453979938120.jpg\" width=\"598\" height=\"199\" \/><\/a><\/p>\n<p style=\"text-align: justify;\">\u201cDesde a desvincula\u00e7\u00e3o dos quadros da Pol\u00edcia Militar em 1999, o CBMSE adotou como uniformes os modelos que eram utilizados por grande parte dos Corpos de Bombeiros do pa\u00eds. Por\u00e9m, a cor c\u00e1qui adotada n\u00e3o contribui para uma percep\u00e7\u00e3o imediata das equipes de emerg\u00eancia do CBMSE. Ressaltamos ainda que os materiais utilizados nos novos uniformes passar\u00e3o por um avan\u00e7o tecnol\u00f3gico consider\u00e1vel, com tecidos mais resistentes, que possibilitem maior conforto e flexibilidade\u201d, explica a capit\u00e3 BM Jeane Lisboa, que comp\u00f4s a comiss\u00e3o respons\u00e1vel pela elabora\u00e7\u00e3o do regulamento.<\/p>\n<p>Al\u00e9m da cor laranja no uniforme, o regulamento normatizou a composi\u00e7\u00e3o e dimens\u00f5es das pe\u00e7as complementares e a posi\u00e7\u00e3o das ins\u00edgnias, distintivos, plaquetas, condecora\u00e7\u00f5es e cadar\u00e7os de identifica\u00e7\u00e3o. Outra altera\u00e7\u00e3o significativa \u00e9 em rela\u00e7\u00e3o ao uniforme usado no salvamento aqu\u00e1tico, cujo tecido adotado passa a ser mais leve e possuir mecanismos de maior respirabilidade, evapora\u00e7\u00e3o de suor, maior resist\u00eancia ao cloro e maior prote\u00e7\u00e3o ultra violeta dentro e fora da \u00e1gua.<\/p>\n<p style=\"text-align: justify;\"><strong>Acompanhe o SE Not\u00edcias no\u00a0<a href=\"https:\/\/twitter.com\/Senoticias\" target=\"_blank\">Twitter<\/a>,\u00a0<a href=\"https:\/\/www.instagram.com\/senoticias\/\" target=\"_blank\">Instagram\u00a0<\/a>e no\u00a0<a href=\"https:\/\/www.facebook.com\/senoticias1\" target=\"_blank\">Facebook<\/a><\/strong><\/p>\n<p style=\"text-align: justify;\"><strong>Ascom\/SSP\/SE<\/strong><\/p>\n","protected":false},"excerpt":{"rendered":"<p>O uniforme operacional do Corpo de Bombeiros Militar de Sergipe (CBMSE) deixa de ser c\u00e1qui e passa a ser laranja. A readequa\u00e7\u00e3o foi necess\u00e1ria porque h\u00e1 estudos que comprovam que o laranja \u00e9 a cor universal do salvamento, sendo facilmente percebida a longa dist\u00e2ncia e possibilitando melhor identifica\u00e7\u00e3o do bombeiro junto \u00e0 popula\u00e7\u00e3o. A mudan\u00e7a, [&hellip;]<\/p>\n","protected":false},"author":1,"featured_media":88364,"comment_status":"closed","ping_status":"closed","sticky":false,"template":"","format":"standard","meta":{"footnotes":""},"categories":[7],"tags":[],"class_list":{"0":"post-88363","1":"post","2":"type-post","3":"status-publish","4":"format-standard","5":"has-post-thumbnail","7":"category-policia"},"_links":{"self":[{"href":"https:\/\/senoticias.com.br\/se\/wp-json\/wp\/v2\/posts\/88363"}],"collection":[{"href":"https:\/\/senoticias.com.br\/se\/wp-json\/wp\/v2\/posts"}],"about":[{"href":"https:\/\/senoticias.com.br\/se\/wp-json\/wp\/v2\/types\/post"}],"author":[{"embeddable":true,"href":"https:\/\/senoticias.com.br\/se\/wp-json\/wp\/v2\/users\/1"}],"replies":[{"embeddable":true,"href":"https:\/\/senoticias.com.br\/se\/wp-json\/wp\/v2\/comments?post=88363"}],"version-history":[{"count":0,"href":"https:\/\/senoticias.com.br\/se\/wp-json\/wp\/v2\/posts\/88363\/revisions"}],"wp:featuredmedia":[{"embeddable":true,"href":"https:\/\/senoticias.com.br\/se\/wp-json\/wp\/v2\/media\/88364"}],"wp:attachment":[{"href":"https:\/\/senoticias.com.br\/se\/wp-json\/wp\/v2\/media?parent=88363"}],"wp:term":[{"taxonomy":"category","embeddable":true,"href":"https:\/\/senoticias.com.br\/se\/wp-json\/wp\/v2\/categories?post=88363"},{"taxonomy":"post_tag","embeddable":true,"href":"https:\/\/senoticias.com.br\/se\/wp-json\/wp\/v2\/tags?post=88363"}],"curies":[{"name":"wp","href":"https:\/\/api.w.org\/{rel}","templated":true}]}}