{"id":88356,"date":"2016-01-27T20:29:58","date_gmt":"2016-01-27T23:29:58","guid":{"rendered":"http:\/\/senoticias.com.br\/se\/?p=88356"},"modified":"2016-01-27T20:29:58","modified_gmt":"2016-01-27T23:29:58","slug":"fies-disponibiliza-1-292-vagas-para-universidade-particular-de-sergipe","status":"publish","type":"post","link":"https:\/\/senoticias.com.br\/se\/fies-disponibiliza-1-292-vagas-para-universidade-particular-de-sergipe\/","title":{"rendered":"Fies disponibiliza 1.292 vagas para universidade particular de Sergipe"},"content":{"rendered":"<p style=\"text-align: justify;\">O Minist\u00e9rio da Educa\u00e7\u00e3o divulgou oferta do Fies em todo o Pa\u00eds e na Universidade Tiradentes (UNIT) foram disponibilizadas 1.292 vagas. As inscri\u00e7\u00f5es do programa de Financiamento Estudantil do Governo Federal est\u00e3o abertas at\u00e9 esta sexta-feira (29) exclusivamente no site do Fies, onde o candidato tamb\u00e9m pode consultar as ofertas por curso ou por institui\u00e7\u00e3o.<\/p>\n<div id=\"attachment_88357\" style=\"width: 606px\" class=\"wp-caption aligncenter\"><a href=\"http:\/\/senoticias.com.br\/se\/wp-content\/uploads\/2016\/01\/Fies-e1453937314672.jpg\"><img loading=\"lazy\" decoding=\"async\" aria-describedby=\"caption-attachment-88357\" class=\"size-full wp-image-88357\" alt=\"Divulga\u00e7\u00e3o\" src=\"http:\/\/senoticias.com.br\/se\/wp-content\/uploads\/2016\/01\/Fies-e1453937314672.jpg\" width=\"596\" height=\"351\" \/><\/a><p id=\"caption-attachment-88357\" class=\"wp-caption-text\">Divulga\u00e7\u00e3o<\/p><\/div>\n<p style=\"text-align: justify;\">As vagas disponibilizadas para a Unit est\u00e3o divididas entre os campi de Aracaju, Est\u00e2ncia, Itabaiana e Propri\u00e1. S\u00e3o 31 op\u00e7\u00f5es de cursos. O curso de Direito soma cem vagas. Tamb\u00e9m ganham destaque Odontologia (50 vagas) e Medicina (40). As Engenharias (Civil, El\u00e9trica, de Petr\u00f3leo, de Produ\u00e7\u00e3o e Mecatr\u00f4nica) somam 195 vagas.<\/p>\n<p style=\"text-align: justify;\">Pode se inscrever no processo seletivo do Fies o estudante que tenha participado do Exame Nacional do Ensino M\u00e9dio (Enem) a partir de 2010, obtido pelo menos 450 pontos na m\u00e9dia nas provas e n\u00e3o tenha tirado 0 na reda\u00e7\u00e3o. O candidato precisa ter tamb\u00e9m renda familiar mensal bruta per capita de at\u00e9 2,5 sal\u00e1rios m\u00ednimos.<\/p>\n<p style=\"text-align: justify;\">O candidato poder\u00e1 se inscrever em um \u00fanico curso e turno entre aqueles com vagas ofertadas. Durante o per\u00edodo de inscri\u00e7\u00e3o, poder\u00e1 alterar sua op\u00e7\u00e3o de vaga, bem como efetuar o cancelamento. Os estudantes ser\u00e3o classificados de acordo com as notas no Enem na edi\u00e7\u00e3o em que tiver obtido a maior m\u00e9dia.<\/p>\n<p style=\"text-align: justify;\"><strong>Lista de espera<\/strong><\/p>\n<p style=\"text-align: justify;\">O processo seletivo do Fies referente ao primeiro semestre de 2016 ter\u00e1 chamada \u00fanica e lista de espera. Os estudantes que n\u00e3o forem pr\u00e9-selecionados na chamada \u00fanica ser\u00e3o inclu\u00eddos na lista de espera para o preenchimento das vagas eventualmente n\u00e3o ocupadas. O resultado da pr\u00e9-sele\u00e7\u00e3o na chamada \u00fanica e a lista de espera ser\u00e3o divulgados no dia 1\u00ba de fevereiro.<\/p>\n<p style=\"text-align: justify;\">No ano passado o Minist\u00e9rio da Educa\u00e7\u00e3o anunciou mudan\u00e7as nas regras do Fies para os contratos assinados a partir do segundo semestre de 2015, como a taxa de juros que passou a ser de 6,5% ao ano.<\/p>\n<p style=\"text-align: justify;\">Em dezembro, portaria do Minist\u00e9rio da Educa\u00e7\u00e3o definiu que, do total de vagas previstas para o primeiro semestre deste ano, 70% ir\u00e3o para os cursos considerados priorit\u00e1rios pela pasta, nas \u00e1reas de sa\u00fade, engenharia e de forma\u00e7\u00e3o de professores.<\/p>\n<p style=\"text-align: justify;\">Outra novidade \u00e9 que as cidades com menor \u00cdndice de Desenvolvimento Humano Municipal (IDHM) ter\u00e3o prioridade na distribui\u00e7\u00e3o de vagas do Fies. Al\u00e9m do IDHM, ser\u00e1 considerada a demanda por educa\u00e7\u00e3o superior, calculada a partir de dados do Enem, a demanda por financiamento estudantil, verificada a partir de dados do Fies, e a disponibilidade or\u00e7ament\u00e1ria do programa.<\/p>\n<p style=\"text-align: justify;\">\n<strong>Fonte: Ascom\/Unit<\/strong><\/p>\n<p style=\"text-align: justify;\"><strong>\u00a0<\/strong><\/p>\n<p style=\"text-align: justify;\"><strong>Acompanhe o SE Not\u00edcias no <a href=\"https:\/\/twitter.com\/Senoticias\" target=\"_blank\">Twitter<\/a>, <a href=\"https:\/\/www.instagram.com\/senoticias\/\" target=\"_blank\">Instagram <\/a>e no <a href=\"https:\/\/www.facebook.com\/senoticias1\" target=\"_blank\">Facebook<\/a><\/strong><\/p>\n<p style=\"text-align: justify;\"><strong>\u00a0<\/strong><\/p>\n<p style=\"text-align: justify;\">\n<strong><br \/>\n<\/strong><\/p>\n","protected":false},"excerpt":{"rendered":"<p>O Minist\u00e9rio da Educa\u00e7\u00e3o divulgou oferta do Fies em todo o Pa\u00eds e na Universidade Tiradentes (UNIT) foram disponibilizadas 1.292 vagas. As inscri\u00e7\u00f5es do programa de Financiamento Estudantil do Governo Federal est\u00e3o abertas at\u00e9 esta sexta-feira (29) exclusivamente no site do Fies, onde o candidato tamb\u00e9m pode consultar as ofertas por curso ou por institui\u00e7\u00e3o. [&hellip;]<\/p>\n","protected":false},"author":3,"featured_media":88357,"comment_status":"closed","ping_status":"closed","sticky":false,"template":"","format":"standard","meta":{"footnotes":""},"categories":[44,26],"tags":[],"class_list":{"0":"post-88356","1":"post","2":"type-post","3":"status-publish","4":"format-standard","5":"has-post-thumbnail","7":"category-educacao","8":"category-esportes"},"_links":{"self":[{"href":"https:\/\/senoticias.com.br\/se\/wp-json\/wp\/v2\/posts\/88356"}],"collection":[{"href":"https:\/\/senoticias.com.br\/se\/wp-json\/wp\/v2\/posts"}],"about":[{"href":"https:\/\/senoticias.com.br\/se\/wp-json\/wp\/v2\/types\/post"}],"author":[{"embeddable":true,"href":"https:\/\/senoticias.com.br\/se\/wp-json\/wp\/v2\/users\/3"}],"replies":[{"embeddable":true,"href":"https:\/\/senoticias.com.br\/se\/wp-json\/wp\/v2\/comments?post=88356"}],"version-history":[{"count":0,"href":"https:\/\/senoticias.com.br\/se\/wp-json\/wp\/v2\/posts\/88356\/revisions"}],"wp:featuredmedia":[{"embeddable":true,"href":"https:\/\/senoticias.com.br\/se\/wp-json\/wp\/v2\/media\/88357"}],"wp:attachment":[{"href":"https:\/\/senoticias.com.br\/se\/wp-json\/wp\/v2\/media?parent=88356"}],"wp:term":[{"taxonomy":"category","embeddable":true,"href":"https:\/\/senoticias.com.br\/se\/wp-json\/wp\/v2\/categories?post=88356"},{"taxonomy":"post_tag","embeddable":true,"href":"https:\/\/senoticias.com.br\/se\/wp-json\/wp\/v2\/tags?post=88356"}],"curies":[{"name":"wp","href":"https:\/\/api.w.org\/{rel}","templated":true}]}}