{"id":88355,"date":"2016-01-27T20:07:44","date_gmt":"2016-01-27T23:07:44","guid":{"rendered":"http:\/\/senoticias.com.br\/se\/?p=88355"},"modified":"2016-01-27T20:07:44","modified_gmt":"2016-01-27T23:07:44","slug":"concurso-publico-para-procurador-do-estado-de-se-e-autorizado","status":"publish","type":"post","link":"https:\/\/senoticias.com.br\/se\/concurso-publico-para-procurador-do-estado-de-se-e-autorizado\/","title":{"rendered":"Concurso p\u00fablico para procurador do Estado de SE \u00e9 autorizado"},"content":{"rendered":"<p style=\"text-align: justify;\">O concurso p\u00fablico para procurador do Estado de Sergipe foi autorizado pelo governado Jackson Barreto, ap\u00f3s uma reuni\u00e3o realizada com o setor de finan\u00e7as e entidades da procuradoria do Estado.<\/p>\n<div id=\"attachment_88078\" style=\"width: 606px\" class=\"wp-caption aligncenter\"><a href=\"http:\/\/senoticias.com.br\/se\/wp-content\/uploads\/2016\/01\/PGE-660x330-e1453204071576.jpg\"><img loading=\"lazy\" decoding=\"async\" aria-describedby=\"caption-attachment-88078\" class=\"size-full wp-image-88078\" alt=\"Foto: Ascom\/PGE\" src=\"http:\/\/senoticias.com.br\/se\/wp-content\/uploads\/2016\/01\/PGE-660x330-e1453204071576.jpg\" width=\"596\" height=\"298\" \/><\/a><p id=\"caption-attachment-88078\" class=\"wp-caption-text\">Foto: Ascom\/PGE<\/p><\/div>\n<p style=\"text-align: justify;\">\nSegundo o governador, o concurso \u00e9 com n\u00edvel de 2\u00aa classe e visa \u00e0 reposi\u00e7\u00e3o dos cargos vagos na carreira. A previs\u00e3o \u00e9 que o edital seja publicado at\u00e9 o m\u00eas de fevereiro deste ano.<\/p>\n<p style=\"text-align: justify;\">O cargo exige n\u00edvel superior em Direito e inscri\u00e7\u00e3o na Ordem dos Advogados do Brasil (OAB).<br \/>\nDas vagas existentes, 5% ser\u00e3o reservadas \u00e0s pessoas portadoras de defici\u00eancia, nos termos da Lei Estadual n\u00ba 3.549, de 03\/11\/94, bem como em atendimento \u00e0 Lei Federal n\u00ba 7.853\/89, regulamentada pelo Decreto n\u00ba 3.298\/99.<br \/>\nDurante esse per\u00edodo, ser\u00e1 escolhida a banca que aplicar\u00e1 o concurso e avaliar\u00e1 os candidatos. Al\u00e9m disso, ser\u00e1 formada a comiss\u00e3o que coordenar\u00e1 do concurso.<\/p>\n<p style=\"text-align: justify;\">\n<p style=\"text-align: justify;\"><strong>Acompanhe o SE Not\u00edcias no <a href=\"https:\/\/twitter.com\/Senoticias\" target=\"_blank\">Twitter<\/a>, <a href=\"https:\/\/www.instagram.com\/senoticias\/\" target=\"_blank\">Instagram<\/a> e no <a href=\"https:\/\/www.facebook.com\/senoticias1\" target=\"_blank\">Facebook<\/a><\/strong><\/p>\n<p style=\"text-align: justify;\"><strong>\u00a0<\/strong><\/p>\n<p style=\"text-align: justify;\">\n<strong>Fonte: Portal G1 SE.<\/strong><\/p>\n","protected":false},"excerpt":{"rendered":"<p>O concurso p\u00fablico para procurador do Estado de Sergipe foi autorizado pelo governado Jackson Barreto, ap\u00f3s uma reuni\u00e3o realizada com o setor de finan\u00e7as e entidades da procuradoria do Estado. Segundo o governador, o concurso \u00e9 com n\u00edvel de 2\u00aa classe e visa \u00e0 reposi\u00e7\u00e3o dos cargos vagos na carreira. A previs\u00e3o \u00e9 que o [&hellip;]<\/p>\n","protected":false},"author":2,"featured_media":88078,"comment_status":"closed","ping_status":"closed","sticky":false,"template":"","format":"standard","meta":{"footnotes":""},"categories":[9],"tags":[],"class_list":{"0":"post-88355","1":"post","2":"type-post","3":"status-publish","4":"format-standard","5":"has-post-thumbnail","7":"category-concursos"},"_links":{"self":[{"href":"https:\/\/senoticias.com.br\/se\/wp-json\/wp\/v2\/posts\/88355"}],"collection":[{"href":"https:\/\/senoticias.com.br\/se\/wp-json\/wp\/v2\/posts"}],"about":[{"href":"https:\/\/senoticias.com.br\/se\/wp-json\/wp\/v2\/types\/post"}],"author":[{"embeddable":true,"href":"https:\/\/senoticias.com.br\/se\/wp-json\/wp\/v2\/users\/2"}],"replies":[{"embeddable":true,"href":"https:\/\/senoticias.com.br\/se\/wp-json\/wp\/v2\/comments?post=88355"}],"version-history":[{"count":0,"href":"https:\/\/senoticias.com.br\/se\/wp-json\/wp\/v2\/posts\/88355\/revisions"}],"wp:featuredmedia":[{"embeddable":true,"href":"https:\/\/senoticias.com.br\/se\/wp-json\/wp\/v2\/media\/88078"}],"wp:attachment":[{"href":"https:\/\/senoticias.com.br\/se\/wp-json\/wp\/v2\/media?parent=88355"}],"wp:term":[{"taxonomy":"category","embeddable":true,"href":"https:\/\/senoticias.com.br\/se\/wp-json\/wp\/v2\/categories?post=88355"},{"taxonomy":"post_tag","embeddable":true,"href":"https:\/\/senoticias.com.br\/se\/wp-json\/wp\/v2\/tags?post=88355"}],"curies":[{"name":"wp","href":"https:\/\/api.w.org\/{rel}","templated":true}]}}