{"id":88354,"date":"2016-01-27T19:59:44","date_gmt":"2016-01-27T22:59:44","guid":{"rendered":"http:\/\/senoticias.com.br\/se\/?p=88354"},"modified":"2016-01-29T14:44:29","modified_gmt":"2016-01-29T17:44:29","slug":"registro-profissional-comeca-a-ser-feito-pela-internet","status":"publish","type":"post","link":"https:\/\/senoticias.com.br\/se\/registro-profissional-comeca-a-ser-feito-pela-internet\/","title":{"rendered":"Registro profissional come\u00e7a a ser feito pela internet"},"content":{"rendered":"<p style=\"text-align: justify;\">O Minist\u00e9rio do Trabalho e Previd\u00eancia Social iniciou nesta quarta-feira (27) a expedi\u00e7\u00e3o de registros profissionais pela internet. O cart\u00e3o emitido pela internet substituir\u00e1 o registro atual, que \u00e9 anotado nas carteiras de trabalho.<\/p>\n<div id=\"attachment_79931\" style=\"width: 606px\" class=\"wp-caption aligncenter\"><a href=\"http:\/\/senoticias.com.br\/se\/wp-content\/uploads\/2015\/05\/2039768787-carteira-de-trabalho-agencia-de-emprego-trabalho-emprego-desemprego-e1453935505162.jpg\"><img loading=\"lazy\" decoding=\"async\" aria-describedby=\"caption-attachment-79931\" class=\"size-full wp-image-79931\" alt=\" (Foto: Reprodu\u00e7\u00e3o) \" src=\"http:\/\/senoticias.com.br\/se\/wp-content\/uploads\/2015\/05\/2039768787-carteira-de-trabalho-agencia-de-emprego-trabalho-emprego-desemprego-e1453935505162.jpg\" width=\"596\" height=\"421\" \/><\/a><p id=\"caption-attachment-79931\" class=\"wp-caption-text\">(Foto: Reprodu\u00e7\u00e3o)<\/p><\/div>\n<p style=\"text-align: justify;\">Segundo a assessoria do minist\u00e9rio, o objetivo da medida \u00e9 oferecer um atendimento mais moderno e r\u00e1pido aos profissionais que hoje t\u00eam de se dirigir \u00e0s delegacias do Trabalho para solicitar o registro, al\u00e9m de aprimorar a seguran\u00e7a das informa\u00e7\u00f5es. As mudan\u00e7as no sistema de registro profissional para as 14 profiss\u00f5es que exigem o registro foram publicadas no Di\u00e1rio Oficial da Uni\u00e3o de hoje.<\/p>\n<p style=\"text-align: justify;\">Quem que j\u00e1 solicitou o registro e teve o pedido aceito pelo Minist\u00e9rio do Trabalho poder\u00e1 acessar o site do Sistema Informatizado de Registro Profissional (Sirpweb) ou o portal do minist\u00e9rio para imprimir o cart\u00e3o de registro. Com isso, o profissional n\u00e3o precisar\u00e1 mais voltar ao posto de atendimento para que o registro seja anotado na carteira de trabalho.<\/p>\n<p style=\"text-align: justify;\">De acordo com o minist\u00e9rio, o Sirpweb, criado para armazenar os dados de novos registros dos profissionais, tem o objetivo de dar transpar\u00eancia e agilidade aos processos de registro, adequando-se ao que disp\u00f5e a Lei de Acesso \u00e0 Informa\u00e7\u00e3o. A partir de agora, o profissional que busca o registro poder\u00e1 faz\u00ea-lo por meio do sistema informatizado, apresentando a documenta\u00e7\u00e3o exigida para cada caso, e acompanhar o andamento do processo at\u00e9 a impress\u00e3o do cart\u00e3o com o registro.<\/p>\n<p style=\"text-align: justify;\">Segundo a assessoria do minist\u00e9rio, das 86 categorias profissionais reconhecidas, o registro a ser concedido pelo Minist\u00e9rio do Trabalho destina-se a 14 que s\u00e3o regulamentadas por leis federais: agenciador de propaganda, arquivista, artista, atu\u00e1rio, guardador e lavador de ve\u00edculos, jornalista, publicit\u00e1rio, radialista, secret\u00e1rio, soci\u00f3logo, t\u00e9cnico em arquivo, t\u00e9cnico em espet\u00e1culos de divers\u00e3o, t\u00e9cnico de seguran\u00e7a do trabalho e t\u00e9cnico em secretariado.<\/p>\n<p style=\"text-align: justify;\"><strong>Acompanhe o SE Not\u00edcias no <a href=\"https:\/\/twitter.com\/Senoticias\" target=\"_blank\">Twitter<\/a>, <a href=\"https:\/\/www.instagram.com\/senoticias\/\" target=\"_blank\">Instagram<\/a> e no <a href=\"https:\/\/www.facebook.com\/senoticias1\" target=\"_blank\">Facebook<\/a><\/strong><\/p>\n<p style=\"text-align: justify;\"><strong>\u00a0<\/strong><\/p>\n<p style=\"text-align: justify;\"><strong>Fonte: Portal Ag\u00eancia Brasil.<\/strong><\/p>\n","protected":false},"excerpt":{"rendered":"<p>O Minist\u00e9rio do Trabalho e Previd\u00eancia Social iniciou nesta quarta-feira (27) a expedi\u00e7\u00e3o de registros profissionais pela internet. O cart\u00e3o emitido pela internet substituir\u00e1 o registro atual, que \u00e9 anotado nas carteiras de trabalho. Segundo a assessoria do minist\u00e9rio, o objetivo da medida \u00e9 oferecer um atendimento mais moderno e r\u00e1pido aos profissionais que hoje [&hellip;]<\/p>\n","protected":false},"author":3,"featured_media":79931,"comment_status":"closed","ping_status":"closed","sticky":false,"template":"","format":"standard","meta":{"footnotes":""},"categories":[6],"tags":[],"class_list":{"0":"post-88354","1":"post","2":"type-post","3":"status-publish","4":"format-standard","5":"has-post-thumbnail","7":"category-politica"},"_links":{"self":[{"href":"https:\/\/senoticias.com.br\/se\/wp-json\/wp\/v2\/posts\/88354"}],"collection":[{"href":"https:\/\/senoticias.com.br\/se\/wp-json\/wp\/v2\/posts"}],"about":[{"href":"https:\/\/senoticias.com.br\/se\/wp-json\/wp\/v2\/types\/post"}],"author":[{"embeddable":true,"href":"https:\/\/senoticias.com.br\/se\/wp-json\/wp\/v2\/users\/3"}],"replies":[{"embeddable":true,"href":"https:\/\/senoticias.com.br\/se\/wp-json\/wp\/v2\/comments?post=88354"}],"version-history":[{"count":0,"href":"https:\/\/senoticias.com.br\/se\/wp-json\/wp\/v2\/posts\/88354\/revisions"}],"wp:featuredmedia":[{"embeddable":true,"href":"https:\/\/senoticias.com.br\/se\/wp-json\/wp\/v2\/media\/79931"}],"wp:attachment":[{"href":"https:\/\/senoticias.com.br\/se\/wp-json\/wp\/v2\/media?parent=88354"}],"wp:term":[{"taxonomy":"category","embeddable":true,"href":"https:\/\/senoticias.com.br\/se\/wp-json\/wp\/v2\/categories?post=88354"},{"taxonomy":"post_tag","embeddable":true,"href":"https:\/\/senoticias.com.br\/se\/wp-json\/wp\/v2\/tags?post=88354"}],"curies":[{"name":"wp","href":"https:\/\/api.w.org\/{rel}","templated":true}]}}