{"id":88351,"date":"2016-01-27T18:38:57","date_gmt":"2016-01-27T21:38:57","guid":{"rendered":"http:\/\/senoticias.com.br\/se\/?p=88351"},"modified":"2016-01-28T16:21:53","modified_gmt":"2016-01-28T19:21:53","slug":"foragido-da-operacao-veraneio-e-preso-pela-policia-civil","status":"publish","type":"post","link":"https:\/\/senoticias.com.br\/se\/foragido-da-operacao-veraneio-e-preso-pela-policia-civil\/","title":{"rendered":"Foragido da Opera\u00e7\u00e3o Veraneio \u00e9 preso pela Pol\u00edcia Civil"},"content":{"rendered":"<p style=\"text-align: justify;\">Em continuidade \u00e0s investiga\u00e7\u00f5es e dilig\u00eancias que restaram pendentes na Opera\u00e7\u00e3o Veraneio, deflagrada pela 4\u00aa Delegacia Metropolitana de Aracaju no \u00faltimo dia 22, a equipe de investiga\u00e7\u00e3o prendeu na desta quarta-feira, 27, Odair Jos\u00e9 Borges dos Santos,\u00a0 39 anos, suspeito de participar de 6 dos 16 assaltos investigados.<\/p>\n<p style=\"text-align: justify;\">De acordo com a Delegada Mayra Evangelista, &#8216;Dai&#8217;, como \u00e9 conhecido, foi capturado no in\u00edcio da manh\u00e3, no Bairro S\u00e3o Conrado, ap\u00f3s a identifica\u00e7\u00e3o de seu paradeiro que vinha sendo apurado desde o dia da opera\u00e7\u00e3o. &#8220;Odair informou que no dia da opera\u00e7\u00e3o estava dormindo em um matagal pr\u00f3ximo, como fazia em algumas noites em que ficava desconfiado, pois j\u00e1 respondeu a diversos processos por roubos majorados e por isso estava evitando a pol\u00edcia, j\u00e1 que sabia que seus comparsas estavam sendo investigados e temia ser preso&#8221;, comenta.<\/p>\n<div id=\"attachment_88353\" style=\"width: 355px\" class=\"wp-caption alignright\"><a href=\"http:\/\/senoticias.com.br\/se\/wp-content\/uploads\/2016\/01\/Veraneio.jpeg\"><img loading=\"lazy\" decoding=\"async\" aria-describedby=\"caption-attachment-88353\" class=\"size-full wp-image-88353\" alt=\"  Odair Jos\u00e9 Borges dos Santos (Da\u00ed),  39 anos, suspeito de participar de 6 dos 16 assaltos investigados.(Foto: SSP\/SE)\" src=\"http:\/\/senoticias.com.br\/se\/wp-content\/uploads\/2016\/01\/Veraneio.jpeg\" width=\"345\" height=\"380\" srcset=\"https:\/\/senoticias.com.br\/se\/wp-content\/uploads\/2016\/01\/Veraneio.jpeg 345w, https:\/\/senoticias.com.br\/se\/wp-content\/uploads\/2016\/01\/Veraneio-272x300.jpeg 272w, https:\/\/senoticias.com.br\/se\/wp-content\/uploads\/2016\/01\/Veraneio-342x376.jpeg 342w, https:\/\/senoticias.com.br\/se\/wp-content\/uploads\/2016\/01\/Veraneio-300x330.jpeg 300w\" sizes=\"(max-width: 345px) 100vw, 345px\" \/><\/a><p id=\"caption-attachment-88353\" class=\"wp-caption-text\"><br \/>Odair Jos\u00e9 Borges dos Santos (Da\u00ed), 39 anos, suspeito de participar de 6 dos 16 assaltos investigados.(Foto: SSP\/SE)<\/p><\/div>\n<p style=\"text-align: justify;\">&#8220;Odair \u00e9 considerado um preso de grande periculosidade, pois, al\u00e9m de ser contumaz na pr\u00e1tica de assaltos e responder estupro, j\u00e1 fugiu das delegacias de Po\u00e7o Redondo e 4\u00aa DM. Al\u00e9m disso, j\u00e1 respondeu por tr\u00e1fico de subst\u00e2ncia entorpecente, dois portes ilegais de arma de fogo, roubos majorados continuados consumados de forma id\u00eantica aos investigados na Opera\u00e7\u00e3o Veraneio, com diversos indiv\u00edduos armados e encapuzados, assaltando resid\u00eancias de veraneio&#8221;, destaca a delegada.<\/p>\n<p style=\"text-align: justify;\">Com quatro condena\u00e7\u00f5es transitadas em julgado e soma\u00e7\u00e3o de penas que durariam 38 anos, 11 meses e cinco dias, o condenado responde pelos crimes cometidos no regime aberto, cuja concess\u00e3o do regime se deu em fevereiro de 2014, por decis\u00e3o do Ju\u00edzo da 7\u00aa Vara Criminal do Estado de Sergipe. Fato que chamou a aten\u00e7\u00e3o da equipe policial.<\/p>\n<p style=\"text-align: justify;\">As conclus\u00f5es das an\u00e1lises dos antecedentes criminais da maioria dos presos na opera\u00e7\u00e3o apontam para esse tipo de benef\u00edcio e s\u00e3o consideradas pela delegada Mayra frustantes. &#8220;William Santos, vulgo &#8216;Jubileu&#8217;, possui uma condena\u00e7\u00e3o, cuja pena resultaria em mais de nove anos de reclus\u00e3o, entretanto recebeu induto em 2015. Rodrigo Linhares possui duas condena\u00e7\u00f5es j\u00e1 transitadas em julgado, nas quais a soma das penas resultariam em mais de 15 anos de pris\u00e3o e atualmente o condenado responde pelos crimes cometidos em regime aberto. Outro preso na opera\u00e7\u00e3o, Leniton Jos\u00e9, possui tr\u00eas condena\u00e7\u00f5es, nas quais a soma das penas geram quase 20 anos de pris\u00e3o. Por\u00e9m, desde novembro do ano passado, responde pelos crimes em regime aberto&#8221;, ressalta.<\/p>\n<p style=\"text-align: justify;\">Por fim, Mayra informou que resta apenas um mandado de pris\u00e3o a ser cumprido para a conclus\u00e3o do cumprimento das 14 ordens judiciais de pris\u00e3o que se almejava com a opera\u00e7\u00e3o.<\/p>\n<p style=\"text-align: justify;\"><strong>Acompanhe o SE Not\u00edcias no\u00a0<a href=\"https:\/\/twitter.com\/Senoticias\" target=\"_blank\">Twitter<\/a>,\u00a0<a href=\"https:\/\/www.instagram.com\/senoticias\/\" target=\"_blank\">Instagram<\/a>\u00a0e no\u00a0<a href=\"https:\/\/www.facebook.com\/senoticias1\" target=\"_blank\">Facebook<\/a><\/strong><\/p>\n<p style=\"text-align: justify;\"><em><strong>Informa\u00e7\u00f5es da SSP\/SE<\/strong><\/em><\/p>\n","protected":false},"excerpt":{"rendered":"<p>Em continuidade \u00e0s investiga\u00e7\u00f5es e dilig\u00eancias que restaram pendentes na Opera\u00e7\u00e3o Veraneio, deflagrada pela 4\u00aa Delegacia Metropolitana de Aracaju no \u00faltimo dia 22, a equipe de investiga\u00e7\u00e3o prendeu na desta quarta-feira, 27, Odair Jos\u00e9 Borges dos Santos,\u00a0 39 anos, suspeito de participar de 6 dos 16 assaltos investigados. De acordo com a Delegada Mayra Evangelista, [&hellip;]<\/p>\n","protected":false},"author":1,"featured_media":88353,"comment_status":"closed","ping_status":"closed","sticky":false,"template":"","format":"standard","meta":{"footnotes":""},"categories":[7,1],"tags":[],"class_list":{"0":"post-88351","1":"post","2":"type-post","3":"status-publish","4":"format-standard","5":"has-post-thumbnail","7":"category-policia","8":"category-sem-categoria"},"_links":{"self":[{"href":"https:\/\/senoticias.com.br\/se\/wp-json\/wp\/v2\/posts\/88351"}],"collection":[{"href":"https:\/\/senoticias.com.br\/se\/wp-json\/wp\/v2\/posts"}],"about":[{"href":"https:\/\/senoticias.com.br\/se\/wp-json\/wp\/v2\/types\/post"}],"author":[{"embeddable":true,"href":"https:\/\/senoticias.com.br\/se\/wp-json\/wp\/v2\/users\/1"}],"replies":[{"embeddable":true,"href":"https:\/\/senoticias.com.br\/se\/wp-json\/wp\/v2\/comments?post=88351"}],"version-history":[{"count":0,"href":"https:\/\/senoticias.com.br\/se\/wp-json\/wp\/v2\/posts\/88351\/revisions"}],"wp:featuredmedia":[{"embeddable":true,"href":"https:\/\/senoticias.com.br\/se\/wp-json\/wp\/v2\/media\/88353"}],"wp:attachment":[{"href":"https:\/\/senoticias.com.br\/se\/wp-json\/wp\/v2\/media?parent=88351"}],"wp:term":[{"taxonomy":"category","embeddable":true,"href":"https:\/\/senoticias.com.br\/se\/wp-json\/wp\/v2\/categories?post=88351"},{"taxonomy":"post_tag","embeddable":true,"href":"https:\/\/senoticias.com.br\/se\/wp-json\/wp\/v2\/tags?post=88351"}],"curies":[{"name":"wp","href":"https:\/\/api.w.org\/{rel}","templated":true}]}}