{"id":88343,"date":"2016-01-27T12:27:42","date_gmt":"2016-01-27T15:27:42","guid":{"rendered":"http:\/\/senoticias.com.br\/se\/?p=88343"},"modified":"2016-01-27T12:27:42","modified_gmt":"2016-01-27T15:27:42","slug":"policiais-de-aquidaba-prendem-gemeos-que-cometiam-furtos-na-regiao","status":"publish","type":"post","link":"https:\/\/senoticias.com.br\/se\/policiais-de-aquidaba-prendem-gemeos-que-cometiam-furtos-na-regiao\/","title":{"rendered":"Policiais de Aquidab\u00e3 prendem g\u00eameos que cometiam furtos na regi\u00e3o"},"content":{"rendered":"<p style=\"text-align: justify;\">Policiais Civis lotados na Delegacia de Aquidab\u00e3 efetuaram a pris\u00e3o em flagrante por furto qualificado, nessa ter\u00e7a-feira (26), dos irm\u00e3os g\u00eameos Mateus Barbosa dos Santos e Matias Barbosa dos Santos.<\/p>\n<p style=\"text-align: justify;\">\n<div id=\"attachment_88344\" style=\"width: 608px\" class=\"wp-caption aligncenter\"><a href=\"http:\/\/senoticias.com.br\/se\/wp-content\/uploads\/2016\/01\/3355093740-gemeos-crime-e1453908414911.jpeg\"><img loading=\"lazy\" decoding=\"async\" aria-describedby=\"caption-attachment-88344\" class=\"size-full wp-image-88344\" alt=\"G\u00eameos s\u00e3o acusados de furtos na regi\u00e3o. (Foto: SSP\/SE)\" src=\"http:\/\/senoticias.com.br\/se\/wp-content\/uploads\/2016\/01\/3355093740-gemeos-crime-e1453908414911.jpeg\" width=\"598\" height=\"478\" \/><\/a><p id=\"caption-attachment-88344\" class=\"wp-caption-text\">G\u00eameos s\u00e3o acusados de furtos na regi\u00e3o. (Foto: SSP\/SE)<\/p><\/div>\n<p style=\"text-align: justify;\">De acordo com o delegado F\u00e1bio Santana, as v\u00edtimas solicitaram apoio da pol\u00edcia. &#8220;No in\u00edcio da manh\u00e3, fomos solicitados por uma das v\u00edtimas que informou que, na madrugada, sua propriedade localizada no povoado Congo, aqui em Aquidab\u00e3, havia sido arrombada e alguns animais e pertences subtra\u00eddos. Ent\u00e3o, iniciamos as dilig\u00eancias que resultaram na pris\u00e3o dos irm\u00e3os, sendo recuperados na casa dos mesmos diversos produtos decorrentes de furtos realizados pela dupla ao longo de tr\u00eas meses.Matias confessou a pr\u00e1tica dos delitos realizados na companhia de Mateus, seu irm\u00e3o g\u00eameo. No total, cinco v\u00edtimas j\u00e1 foram identificadas e tiveram seus objetos e animais devolvidos.<\/p>\n<p style=\"text-align: justify;\">O delegado ressalta que est\u00e1 aguardando a presen\u00e7a de mais v\u00edtimas para reconhecimento e finaliza\u00e7\u00e3o da investiga\u00e7\u00e3o.Os dois foram autuados pelo delito de furto qualificado e foram encaminhados \u00e0 Delegacia Regional de Gl\u00f3ria.<\/p>\n<p style=\"text-align: justify;\"><strong>Acompanhe o SENot\u00edcias no\u00a0<a href=\"https:\/\/twitter.com\/Senoticias\" target=\"_blank\">Twitter<\/a>,\u00a0<a href=\"https:\/\/www.instagram.com\/senoticias\/\" target=\"_blank\">Instagram<\/a>\u00a0e no\u00a0<a href=\"https:\/\/www.facebook.com\/senoticias1\" target=\"_blank\">Facebook<\/a><\/strong><\/p>\n<p style=\"text-align: justify;\"><strong><em>Informa\u00e7\u00f5es da SSP\/SE<\/em><\/strong><\/p>\n<p style=\"text-align: justify;\">\n","protected":false},"excerpt":{"rendered":"<p>Policiais Civis lotados na Delegacia de Aquidab\u00e3 efetuaram a pris\u00e3o em flagrante por furto qualificado, nessa ter\u00e7a-feira (26), dos irm\u00e3os g\u00eameos Mateus Barbosa dos Santos e Matias Barbosa dos Santos. De acordo com o delegado F\u00e1bio Santana, as v\u00edtimas solicitaram apoio da pol\u00edcia. &#8220;No in\u00edcio da manh\u00e3, fomos solicitados por uma das v\u00edtimas que informou [&hellip;]<\/p>\n","protected":false},"author":1,"featured_media":88344,"comment_status":"closed","ping_status":"closed","sticky":false,"template":"","format":"standard","meta":{"footnotes":""},"categories":[7],"tags":[],"class_list":{"0":"post-88343","1":"post","2":"type-post","3":"status-publish","4":"format-standard","5":"has-post-thumbnail","7":"category-policia"},"_links":{"self":[{"href":"https:\/\/senoticias.com.br\/se\/wp-json\/wp\/v2\/posts\/88343"}],"collection":[{"href":"https:\/\/senoticias.com.br\/se\/wp-json\/wp\/v2\/posts"}],"about":[{"href":"https:\/\/senoticias.com.br\/se\/wp-json\/wp\/v2\/types\/post"}],"author":[{"embeddable":true,"href":"https:\/\/senoticias.com.br\/se\/wp-json\/wp\/v2\/users\/1"}],"replies":[{"embeddable":true,"href":"https:\/\/senoticias.com.br\/se\/wp-json\/wp\/v2\/comments?post=88343"}],"version-history":[{"count":0,"href":"https:\/\/senoticias.com.br\/se\/wp-json\/wp\/v2\/posts\/88343\/revisions"}],"wp:featuredmedia":[{"embeddable":true,"href":"https:\/\/senoticias.com.br\/se\/wp-json\/wp\/v2\/media\/88344"}],"wp:attachment":[{"href":"https:\/\/senoticias.com.br\/se\/wp-json\/wp\/v2\/media?parent=88343"}],"wp:term":[{"taxonomy":"category","embeddable":true,"href":"https:\/\/senoticias.com.br\/se\/wp-json\/wp\/v2\/categories?post=88343"},{"taxonomy":"post_tag","embeddable":true,"href":"https:\/\/senoticias.com.br\/se\/wp-json\/wp\/v2\/tags?post=88343"}],"curies":[{"name":"wp","href":"https:\/\/api.w.org\/{rel}","templated":true}]}}