{"id":88340,"date":"2016-01-27T12:06:37","date_gmt":"2016-01-27T15:06:37","guid":{"rendered":"http:\/\/senoticias.com.br\/se\/?p=88340"},"modified":"2016-01-28T16:39:35","modified_gmt":"2016-01-28T19:39:35","slug":"preso-homem-condenado-a-mais-de-60-anos-de-prisao-acusado-de-roubar-um-restaurante-de-lagarto","status":"publish","type":"post","link":"https:\/\/senoticias.com.br\/se\/preso-homem-condenado-a-mais-de-60-anos-de-prisao-acusado-de-roubar-um-restaurante-de-lagarto\/","title":{"rendered":"Preso homem condenado a mais de 60 anos de pris\u00e3o"},"content":{"rendered":"<p style=\"text-align: justify;\"><span style=\"font-size: small;\">Ocorreu na tarde desta quarta-feira, 27, na sala do Delegado Geral, Everton Santos, a apresenta\u00e7\u00e3o de S\u00e9rgio de Jesus Batista, 35 anos, acusado de ser o l\u00edder de um grupo criminoso especializado em roubo a propriedades rurais no interior do Estado. Urtiga, como \u00e9 conhecido, \u00e9\u00a0 autor e l\u00edder do roubo ocorrido em dezembro, em um restaurante na cidade de Lagarto.<\/span><\/p>\n<div id=\"attachment_88350\" style=\"width: 608px\" class=\"wp-caption aligncenter\"><a href=\"http:\/\/senoticias.com.br\/se\/wp-content\/uploads\/2016\/01\/Preso-e1453927758988.jpg\"><img loading=\"lazy\" decoding=\"async\" aria-describedby=\"caption-attachment-88350\" class=\"size-full wp-image-88350\" alt=\"Urtiga&quot; foi preso, no final da tarde desta ter\u00e7a-feira (26) no munic\u00edpio de Alagoinhas, BA. (Foto:SSP\/SE)\" src=\"http:\/\/senoticias.com.br\/se\/wp-content\/uploads\/2016\/01\/Preso-e1453927758988.jpg\" width=\"598\" height=\"397\" \/><\/a><p id=\"caption-attachment-88350\" class=\"wp-caption-text\">Urtiga&#8221; foi preso, no final da tarde desta ter\u00e7a-feira (26) no munic\u00edpio de Alagoinhas, BA. (Foto:SSP\/SE)<\/p><\/div>\n<p style=\"text-align: justify;\">\n<p>De acordo com o coordenador operacional da Coordenadoria de Pol\u00edcia Civil do Interior (Copci), Dernival Eloi, Urtiga e outros tr\u00eas comparsas, fortemente armados, entraram no estabelecimento por volta das 21h do dia sete de dezembro e roubaram dinheiro, j\u00f3ias e celulares dos clientes.<\/p>\n<p>&#8220;A elucida\u00e7\u00e3o do crime foi poss\u00edvel porque uma dezena de testemunhas identificaram e reconheceram Urtiga, como um dos autores. O respons\u00e1vel pela Delegacia Regional de Lagarto, delegado Hilton Duarte, e sua equipe realizaram dilig\u00eancias no sentido de identificar e prender os participantes da a\u00e7\u00e3o criminosa. Na a\u00e7\u00e3o, quatro indiv\u00edduos entraram no estabelecimento e outros quatro permaneceram do lado de fora dando suporte ao grupo. A pol\u00edcia j\u00e1 identificou alguns dos integrantes e se poss\u00edvel, em breve, realizaremos as demais pris\u00f5es&#8221;, comenta Dernival Eloi.<\/p>\n<p>O Delegado Geral revelou que &#8216;Urtiga&#8217; acumula dezenas de condena\u00e7\u00f5es na Justi\u00e7a, cujas penas totalizam mais de 60 anos. &#8221; Ele ficou custodiado no sistema prisional sergipano por 12 anos e ganhou a liberdade em outubro do ano passado. No corol\u00e1rio de crimes est\u00e3o roubos, homic\u00eddios, tr\u00e1fico e estupro. Em 2009, um grupo liderado por ele foi desarticulado. \u00c0 \u00e9poca, policiais civis de Lagarto, Itabaiana, Itaporanga D&#8217;Ajuda e da Divis\u00e3o de Intelig\u00eancia e Planejamento Policial (Dipol) desarticularam o grupo e apreenderam pistolas, rev\u00f3lveres, espingardas, cartuchos, drogas e diversos celulares&#8221;, detalha Everton Santos.<\/p>\n<p>Uma de suas a\u00e7\u00f5es mais ousadas ocorreu em 2009, no munic\u00edpio de Frei Paulo, quando ele e outros comparsas invadiram a fazenda de um magistrado e roubou diversos bens do juiz. Nesse mesmo ano, ele invadiu uma propriedade rural em Itaporanga, agrediu o propriet\u00e1rio e estuprou sua mulher.<\/p>\n<p>A pris\u00e3o em 2016 foi realizada no munic\u00edpio baiano de Alagoinhas. &#8220;Ele sofreu um acidente de motocicleta naquela regi\u00e3o, estava bastante ferido e deu entrada em uma unidade de sa\u00fade sem documentos. O pessoal desconfiou e entrou em contato com a Pol\u00edcia Civil de Sergipe, o que resultou na identifica\u00e7\u00e3o e pris\u00e3o deste indiv\u00edduo de alta periculosidade&#8221;, conclui o coordenador do Copci.<\/p>\n<p>A Pol\u00edcia Civil refor\u00e7a que a popula\u00e7\u00e3o \u00e9 parceira e solicita a\u00a0 manuten\u00e7\u00e3o na presta\u00e7\u00e3o de informa\u00e7\u00f5es que auxiliem na elucida\u00e7\u00e3o de crimes, atrav\u00e9s do canal Disque-Den\u00fancia, 181.<\/p>\n<div>\n<div id=\":z2\" tabindex=\"0\" role=\"button\" data-tooltip=\"Mostrar conte\u00fado cortado\"><img decoding=\"async\" alt=\"\" src=\"https:\/\/ssl.gstatic.com\/ui\/v1\/icons\/mail\/images\/cleardot.gif\" \/><\/div>\n<\/div>\n<p style=\"text-align: justify;\"><strong>Acompanhe o SE Not\u00edcias no\u00a0<a href=\"https:\/\/twitter.com\/Senoticias\" target=\"_blank\">Twitter<\/a>,\u00a0<a href=\"https:\/\/www.instagram.com\/senoticias\/\" target=\"_blank\">Instagram<\/a>\u00a0e no\u00a0<a href=\"https:\/\/www.facebook.com\/senoticias1\" target=\"_blank\">Facebook<\/a><\/strong><\/p>\n<p style=\"text-align: justify;\"><em><strong>Por Ascom\/SSP\/SE<\/strong><\/em><\/p>\n","protected":false},"excerpt":{"rendered":"<p>Ocorreu na tarde desta quarta-feira, 27, na sala do Delegado Geral, Everton Santos, a apresenta\u00e7\u00e3o de S\u00e9rgio de Jesus Batista, 35 anos, acusado de ser o l\u00edder de um grupo criminoso especializado em roubo a propriedades rurais no interior do Estado. Urtiga, como \u00e9 conhecido, \u00e9\u00a0 autor e l\u00edder do roubo ocorrido em dezembro, em [&hellip;]<\/p>\n","protected":false},"author":1,"featured_media":88350,"comment_status":"closed","ping_status":"closed","sticky":false,"template":"","format":"standard","meta":{"footnotes":""},"categories":[15,7],"tags":[],"class_list":{"0":"post-88340","1":"post","2":"type-post","3":"status-publish","4":"format-standard","5":"has-post-thumbnail","7":"category-destaques","8":"category-policia"},"_links":{"self":[{"href":"https:\/\/senoticias.com.br\/se\/wp-json\/wp\/v2\/posts\/88340"}],"collection":[{"href":"https:\/\/senoticias.com.br\/se\/wp-json\/wp\/v2\/posts"}],"about":[{"href":"https:\/\/senoticias.com.br\/se\/wp-json\/wp\/v2\/types\/post"}],"author":[{"embeddable":true,"href":"https:\/\/senoticias.com.br\/se\/wp-json\/wp\/v2\/users\/1"}],"replies":[{"embeddable":true,"href":"https:\/\/senoticias.com.br\/se\/wp-json\/wp\/v2\/comments?post=88340"}],"version-history":[{"count":0,"href":"https:\/\/senoticias.com.br\/se\/wp-json\/wp\/v2\/posts\/88340\/revisions"}],"wp:featuredmedia":[{"embeddable":true,"href":"https:\/\/senoticias.com.br\/se\/wp-json\/wp\/v2\/media\/88350"}],"wp:attachment":[{"href":"https:\/\/senoticias.com.br\/se\/wp-json\/wp\/v2\/media?parent=88340"}],"wp:term":[{"taxonomy":"category","embeddable":true,"href":"https:\/\/senoticias.com.br\/se\/wp-json\/wp\/v2\/categories?post=88340"},{"taxonomy":"post_tag","embeddable":true,"href":"https:\/\/senoticias.com.br\/se\/wp-json\/wp\/v2\/tags?post=88340"}],"curies":[{"name":"wp","href":"https:\/\/api.w.org\/{rel}","templated":true}]}}