{"id":88338,"date":"2016-01-27T09:15:51","date_gmt":"2016-01-27T12:15:51","guid":{"rendered":"http:\/\/senoticias.com.br\/se\/?p=88338"},"modified":"2016-01-28T14:22:46","modified_gmt":"2016-01-28T17:22:46","slug":"correios-retoma-contratacao-para-oferta-de-telefonia-movel","status":"publish","type":"post","link":"https:\/\/senoticias.com.br\/se\/correios-retoma-contratacao-para-oferta-de-telefonia-movel\/","title":{"rendered":"Correios retoma contrata\u00e7\u00e3o para oferta de telefonia m\u00f3vel"},"content":{"rendered":"<p><b>\u00a0<\/b><\/p>\n<div id=\"attachment_65556\" style=\"width: 268px\" class=\"wp-caption alignright\"><a href=\"http:\/\/senoticias.com.br\/se\/wp-content\/uploads\/2014\/06\/correios.jpg\"><img loading=\"lazy\" decoding=\"async\" aria-describedby=\"caption-attachment-65556\" class=\"size-medium wp-image-65556\" alt=\"Correios retoma contrata\u00e7\u00e3o para oferta de telefonia m\u00f3vel. (Foto: Ilustrativa) \" src=\"http:\/\/senoticias.com.br\/se\/wp-content\/uploads\/2014\/06\/correios-258x300.jpg\" width=\"258\" height=\"300\" srcset=\"https:\/\/senoticias.com.br\/se\/wp-content\/uploads\/2014\/06\/correios-258x300.jpg 258w, https:\/\/senoticias.com.br\/se\/wp-content\/uploads\/2014\/06\/correios-342x396.jpg 342w, https:\/\/senoticias.com.br\/se\/wp-content\/uploads\/2014\/06\/correios.jpg 718w\" sizes=\"(max-width: 258px) 100vw, 258px\" \/><\/a><p id=\"caption-attachment-65556\" class=\"wp-caption-text\">Correios retoma contrata\u00e7\u00e3o para oferta de telefonia m\u00f3vel. (Foto: Ilustrativa)<\/p><\/div>\n<p style=\"text-align: justify;\">At\u00e9 o dia 17 de mar\u00e7o, os Correios receber\u00e3o as propostas de empresas interessadas no projeto de explora\u00e7\u00e3o do servi\u00e7o de telefonia m\u00f3vel por meio de rede virtual (Mobile Virtual Network Operator &#8211; MVNO). A estatal ser\u00e1 credenciada a uma operadora de celular como seu representante, por\u00e9m com chip marca Correios. Nessa opera\u00e7\u00e3o, os Correios usar\u00e3o a infraestrutura de telecomunica\u00e7\u00f5es da operadora selecionada, conforme prev\u00ea a resolu\u00e7\u00e3o 550\/2010 da Ag\u00eancia Nacional de Telecomunica\u00e7\u00f5es (Anatel). Para concorrer, a operadora deve estar presente em pelo menos 50% dos munic\u00edpios brasileiros.<\/p>\n<p style=\"text-align: justify;\">Segundo o presidente da comiss\u00e3o de licita\u00e7\u00e3o, Ara Minassian, os Correios retomam o processo seletivo com um novo edital, aperfei\u00e7oado com sugest\u00f5es recebidas pelas operadoras. Ap\u00f3s a abertura das propostas, todas as empresas poder\u00e3o fazer novos lances. Os Correios avaliar\u00e3o as propostas considerando o somat\u00f3rio do maior valor de remunera\u00e7\u00e3o dos chips pr\u00e9-pagos e do maior percentual de comiss\u00e3o pela venda de recargas realizadas. O valor m\u00ednimo previsto para a opera\u00e7\u00e3o pretendida \u00e9 de R$ 282 milh\u00f5es, para um per\u00edodo de cinco anos.<\/p>\n<p style=\"text-align: justify;\"><b>Diversifica\u00e7\u00e3o \u2014<\/b>\u00a0A entrada dos Correios neste setor \u00e9 mais uma iniciativa decorrente da Lei 12.490\/11, que permitiu a diversifica\u00e7\u00e3o das atividades da estatal e a moderniza\u00e7\u00e3o de seus servi\u00e7os. Os correios de Portugal, Fran\u00e7a, Alemanha e It\u00e1lia, entre outros, j\u00e1 adotam com sucesso essa modalidade de servi\u00e7o.<\/p>\n<p style=\"text-align: justify;\"><strong>Acompanhe o SE Not\u00edcias no\u00a0<a href=\"https:\/\/twitter.com\/Senoticias\" target=\"_blank\">Twitter<\/a>,\u00a0<a href=\"https:\/\/www.instagram.com\/senoticias\/\" target=\"_blank\">Instagram<\/a>\u00a0e no\u00a0<a href=\"https:\/\/www.facebook.com\/senoticias1\" target=\"_blank\">Facebook<\/a><\/strong><\/p>\n<p style=\"text-align: justify;\"><strong>Ascom\/Correios<\/strong><\/p>\n","protected":false},"excerpt":{"rendered":"<p>\u00a0 At\u00e9 o dia 17 de mar\u00e7o, os Correios receber\u00e3o as propostas de empresas interessadas no projeto de explora\u00e7\u00e3o do servi\u00e7o de telefonia m\u00f3vel por meio de rede virtual (Mobile Virtual Network Operator &#8211; MVNO). A estatal ser\u00e1 credenciada a uma operadora de celular como seu representante, por\u00e9m com chip marca Correios. Nessa opera\u00e7\u00e3o, os [&hellip;]<\/p>\n","protected":false},"author":1,"featured_media":65556,"comment_status":"closed","ping_status":"closed","sticky":false,"template":"","format":"standard","meta":{"footnotes":""},"categories":[6],"tags":[],"class_list":{"0":"post-88338","1":"post","2":"type-post","3":"status-publish","4":"format-standard","5":"has-post-thumbnail","7":"category-politica"},"_links":{"self":[{"href":"https:\/\/senoticias.com.br\/se\/wp-json\/wp\/v2\/posts\/88338"}],"collection":[{"href":"https:\/\/senoticias.com.br\/se\/wp-json\/wp\/v2\/posts"}],"about":[{"href":"https:\/\/senoticias.com.br\/se\/wp-json\/wp\/v2\/types\/post"}],"author":[{"embeddable":true,"href":"https:\/\/senoticias.com.br\/se\/wp-json\/wp\/v2\/users\/1"}],"replies":[{"embeddable":true,"href":"https:\/\/senoticias.com.br\/se\/wp-json\/wp\/v2\/comments?post=88338"}],"version-history":[{"count":0,"href":"https:\/\/senoticias.com.br\/se\/wp-json\/wp\/v2\/posts\/88338\/revisions"}],"wp:featuredmedia":[{"embeddable":true,"href":"https:\/\/senoticias.com.br\/se\/wp-json\/wp\/v2\/media\/65556"}],"wp:attachment":[{"href":"https:\/\/senoticias.com.br\/se\/wp-json\/wp\/v2\/media?parent=88338"}],"wp:term":[{"taxonomy":"category","embeddable":true,"href":"https:\/\/senoticias.com.br\/se\/wp-json\/wp\/v2\/categories?post=88338"},{"taxonomy":"post_tag","embeddable":true,"href":"https:\/\/senoticias.com.br\/se\/wp-json\/wp\/v2\/tags?post=88338"}],"curies":[{"name":"wp","href":"https:\/\/api.w.org\/{rel}","templated":true}]}}