{"id":88335,"date":"2016-01-27T08:39:23","date_gmt":"2016-01-27T11:39:23","guid":{"rendered":"http:\/\/senoticias.com.br\/se\/?p=88335"},"modified":"2016-01-28T12:27:21","modified_gmt":"2016-01-28T15:27:21","slug":"desvio-de-agentes-comunitarios-fragiliza-psf-diz-rogerio-carvalho","status":"publish","type":"post","link":"https:\/\/senoticias.com.br\/se\/desvio-de-agentes-comunitarios-fragiliza-psf-diz-rogerio-carvalho\/","title":{"rendered":"&#8216;Desvio de agentes comunit\u00e1rios fragiliza PSF&#8217;, diz Rog\u00e9rio Carvalho"},"content":{"rendered":"<p style=\"text-align: justify;\">O Programa Sa\u00fade Fam\u00edlia pode estar seriamente fragilizado em Aracaju com o desvio de cerca de 250 agentes comunit\u00e1rios de sa\u00fade (ACS) para prestar servi\u00e7os administrativos nas unidades de sa\u00fade.<\/p>\n<div id=\"attachment_28513\" style=\"width: 562px\" class=\"wp-caption aligncenter\"><a href=\"http:\/\/senoticias.com.br\/se\/wp-content\/uploads\/2012\/03\/Rog\u00e9rio-Carvalho.jpg\"><img loading=\"lazy\" decoding=\"async\" aria-describedby=\"caption-attachment-28513\" class=\"size-full wp-image-28513\" alt=\"\u201cDesvio de agentes comunit\u00e1rios fragiliza PSF\u201d, diz Rog\u00e9rio Carvalho.(Arquivo\/Ascom)\" src=\"http:\/\/senoticias.com.br\/se\/wp-content\/uploads\/2012\/03\/Rog\u00e9rio-Carvalho.jpg\" width=\"552\" height=\"331\" srcset=\"https:\/\/senoticias.com.br\/se\/wp-content\/uploads\/2012\/03\/Rog\u00e9rio-Carvalho.jpg 552w, https:\/\/senoticias.com.br\/se\/wp-content\/uploads\/2012\/03\/Rog\u00e9rio-Carvalho-300x179.jpg 300w, https:\/\/senoticias.com.br\/se\/wp-content\/uploads\/2012\/03\/Rog\u00e9rio-Carvalho-342x205.jpg 342w\" sizes=\"(max-width: 552px) 100vw, 552px\" \/><\/a><p id=\"caption-attachment-28513\" class=\"wp-caption-text\">\u201cDesvio de agentes comunit\u00e1rios fragiliza PSF\u201d, diz Rog\u00e9rio Carvalho. (Foto: Leonardo Prado))<\/p><\/div>\n<p style=\"text-align: justify;\">\u00c9 o que diz Rog\u00e9rio Carvalho, que recebeu no \u00faltimo s\u00e1bado (23), em seu escrit\u00f3rio, um grupo de conselheiros municipais de sa\u00fade preocupado com uma den\u00fancia de um agente de que houve uma reuni\u00e3o na secretaria municipal de sa\u00fade com as gerentes das Unidades B\u00e1sicas de Sa\u00fade (UBS), para informar que o quadro terceirizado de servidores administrativos seria reduzido e a solu\u00e7\u00e3o para suprir os servi\u00e7os internos seria o desvio de agentes comunit\u00e1rios de sa\u00fade para as fun\u00e7\u00f5es dos administrativos.<\/p>\n<p style=\"text-align: justify;\">Segundo os conselheiros, para suprir o atendimento das 44 unidades de sa\u00fade existentes, seria necess\u00e1rio deslocar de 4 a 6 agentes de suas fun\u00e7\u00f5es nas comunidades para os servi\u00e7os administrativos.<\/p>\n<p style=\"text-align: justify;\">Para Rog\u00e9rio, tirar o agente de sua comunidade \u00e9 quebrar o programa Sa\u00fade na Fam\u00edlia e deixar a comunidade exposta a v\u00e1rios problemas. \u201cIsso \u00e9 matar a concep\u00e7\u00e3o do programa Sa\u00fade na Fam\u00edlia, que \u00e9 justamente oferecer um atendimento mais pr\u00f3ximo do cidad\u00e3o &#8211; em suas comunidades -, fazer o acompanhamento com uma equipe multidisciplinar com m\u00e9dico generalista, enfermeiro, assistente social, auxiliar de enfermagem e o agente comunit\u00e1rio de Sa\u00fade. Tirar o agente da comunidade significa comprometer o acompanhamento \u00e0s crian\u00e7as, aos idosos, \u00e0s gestantes e aos grupos de risco, como obesos e hipertensos. Tirar o agente de sua comunidade \u00e9 comprometer o PSF\u201d.<\/p>\n<p style=\"text-align: justify;\">Rog\u00e9rio adverte que ao inv\u00e9s de retirar 250 agentes das comunidades, a secretaria de sa\u00fade deveria abrir concurso para ampliar o quadro de agentes e construir novas unidades de sa\u00fade. \u201cVenho dizendo h\u00e1 tempos que nos \u00faltimos 10 anos a popula\u00e7\u00e3o de Aracaju cresceu em mais de 100 mil habitantes e isso demanda mais servi\u00e7os por sa\u00fade, demanda mais acompanhamento, demanda mais oferta de profissionais e equipamentos. Com esse acr\u00e9scimo populacional, dever\u00edamos ter hoje mais 25 ou 30 novas equipes de sa\u00fade na fam\u00edlia e mais 5 ou 6 Unidades B\u00e1sicas de Sa\u00fade\u201d.<\/p>\n<p style=\"text-align: justify;\">Ao cobrir os servi\u00e7os internos com os agentes, o prefeito deixar\u00e1 vulner\u00e1vel a popula\u00e7\u00e3o carente de Aracaju e sobrecarrega ainda mais os agentes que cobrir\u00e3o as \u00e1reas desses agentes desviados para a \u00e1rea administrativa, diz Rog\u00e9rio. \u201c\u00c9 preciso que o prefeito Jo\u00e3o Alves entenda que o quadro de agentes comunit\u00e1rios est\u00e1 muito defasado e que eles j\u00e1 encontram muitas dificuldades para cobrir suas \u00e1reas com o atual n\u00famero de agentes. Com a sa\u00edda de 250 agentes das comunidades, os outros agentes ficar\u00e3o ainda mais sobrecarregados. \u00c9 injusto com a popula\u00e7\u00e3o e com os agentes. Espero que o prefeito n\u00e3o cometa esse ato contra a sa\u00fade dos aracajuanos e contra os agentes comunit\u00e1rios\u201d.<\/p>\n<p style=\"text-align: justify;\">Rog\u00e9rio finaliza enaltecendo o trabalho dos agentes comunit\u00e1rios e lembra que quando foi secret\u00e1rio municipal de sa\u00fade implantou o programa \u201cSa\u00fade Todo o Dia\u201d e que os agentes tiveram dele aten\u00e7\u00e3o especial para o sucesso da humaniza\u00e7\u00e3o na sa\u00fade. \u201cVi a import\u00e2ncia dos agentes quando secret\u00e1rio e por isso fiz o concurso p\u00fablico que criou o quadro de agentes no munic\u00edpio. Na estrat\u00e9gia de atendimento \u00e0 comunidade, vi que era preciso ter um quadro regular, porque a premissa do agente comunit\u00e1rio \u00e9 a do servidor comunit\u00e1rio que conhece sua \u00e1rea, que conhece os usu\u00e1rios do sistema e que essa sinergia possibilitasse um processo de humaniza\u00e7\u00e3o instant\u00e2neo na rela\u00e7\u00e3o usu\u00e1rio\/unidade e os n\u00fameros na sa\u00fade melhoraram muito. Por isso fiz o concurso p\u00fablico e os aprovados hoje s\u00e3o estatut\u00e1rios e prestam relevantes servi\u00e7os a sa\u00fade do aracajuano\u201d, conclui Rog\u00e9rio.<\/p>\n<p style=\"text-align: justify;\"><strong>Acompanhe o SE Not\u00edcias no\u00a0<a href=\"https:\/\/twitter.com\/Senoticias\" target=\"_blank\">Twitter<\/a>,\u00a0<a href=\"https:\/\/www.instagram.com\/senoticias\/\" target=\"_blank\">Instagram<\/a>\u00a0e no\u00a0<a href=\"https:\/\/www.facebook.com\/senoticias1\" target=\"_blank\">Facebook<\/a><\/strong><\/p>\n<p style=\"text-align: justify;\">Ascom\/PT\/SE<\/p>\n","protected":false},"excerpt":{"rendered":"<p>O Programa Sa\u00fade Fam\u00edlia pode estar seriamente fragilizado em Aracaju com o desvio de cerca de 250 agentes comunit\u00e1rios de sa\u00fade (ACS) para prestar servi\u00e7os administrativos nas unidades de sa\u00fade. \u00c9 o que diz Rog\u00e9rio Carvalho, que recebeu no \u00faltimo s\u00e1bado (23), em seu escrit\u00f3rio, um grupo de conselheiros municipais de sa\u00fade preocupado com uma [&hellip;]<\/p>\n","protected":false},"author":1,"featured_media":28513,"comment_status":"closed","ping_status":"closed","sticky":false,"template":"","format":"standard","meta":{"footnotes":""},"categories":[15,6],"tags":[],"class_list":{"0":"post-88335","1":"post","2":"type-post","3":"status-publish","4":"format-standard","5":"has-post-thumbnail","7":"category-destaques","8":"category-politica"},"_links":{"self":[{"href":"https:\/\/senoticias.com.br\/se\/wp-json\/wp\/v2\/posts\/88335"}],"collection":[{"href":"https:\/\/senoticias.com.br\/se\/wp-json\/wp\/v2\/posts"}],"about":[{"href":"https:\/\/senoticias.com.br\/se\/wp-json\/wp\/v2\/types\/post"}],"author":[{"embeddable":true,"href":"https:\/\/senoticias.com.br\/se\/wp-json\/wp\/v2\/users\/1"}],"replies":[{"embeddable":true,"href":"https:\/\/senoticias.com.br\/se\/wp-json\/wp\/v2\/comments?post=88335"}],"version-history":[{"count":0,"href":"https:\/\/senoticias.com.br\/se\/wp-json\/wp\/v2\/posts\/88335\/revisions"}],"wp:featuredmedia":[{"embeddable":true,"href":"https:\/\/senoticias.com.br\/se\/wp-json\/wp\/v2\/media\/28513"}],"wp:attachment":[{"href":"https:\/\/senoticias.com.br\/se\/wp-json\/wp\/v2\/media?parent=88335"}],"wp:term":[{"taxonomy":"category","embeddable":true,"href":"https:\/\/senoticias.com.br\/se\/wp-json\/wp\/v2\/categories?post=88335"},{"taxonomy":"post_tag","embeddable":true,"href":"https:\/\/senoticias.com.br\/se\/wp-json\/wp\/v2\/tags?post=88335"}],"curies":[{"name":"wp","href":"https:\/\/api.w.org\/{rel}","templated":true}]}}