{"id":88225,"date":"2016-01-23T13:19:13","date_gmt":"2016-01-23T16:19:13","guid":{"rendered":"http:\/\/senoticias.com.br\/se\/?p=88225"},"modified":"2016-01-23T13:19:13","modified_gmt":"2016-01-23T16:19:13","slug":"mae-e-presa-em-flagrante-apos-agredir-filho-de-um-ano","status":"publish","type":"post","link":"https:\/\/senoticias.com.br\/se\/mae-e-presa-em-flagrante-apos-agredir-filho-de-um-ano\/","title":{"rendered":"M\u00e3e \u00e9 presa em flagrante ap\u00f3s agredir filho de um ano"},"content":{"rendered":"<p>Do G1 SE<\/p>\n<p style=\"text-align: justify;\">A Pol\u00edcia Militar foi acionada na noite desta sexta-feira (22) ap\u00f3s uma pessoa presenciar uma m\u00e3e batendo em uma crian\u00e7a de pouco mais de um ano, no Bairro Santa Maria, em Aracaju.<\/p>\n<div id=\"attachment_88226\" style=\"width: 606px\" class=\"wp-caption aligncenter\"><a href=\"http:\/\/senoticias.com.br\/se\/wp-content\/uploads\/2016\/01\/Crian\u00e7a-2-e1453565882942.jpg\"><img loading=\"lazy\" decoding=\"async\" aria-describedby=\"caption-attachment-88226\" class=\"size-full wp-image-88226\" alt=\"Divulga\u00e7\u00e3o\" src=\"http:\/\/senoticias.com.br\/se\/wp-content\/uploads\/2016\/01\/Crian\u00e7a-2-e1453565882942.jpg\" width=\"596\" height=\"447\" \/><\/a><p id=\"caption-attachment-88226\" class=\"wp-caption-text\">Divulga\u00e7\u00e3o<\/p><\/div>\n<p style=\"text-align: justify;\">\nSegundo a pol\u00edcia, a testemunha retirou a crian\u00e7a dos bra\u00e7os da mulher, pois ela j\u00e1 apresentava hematomas. Enquanto a m\u00e3e estava visivelmente embriagada.<br \/>\nAinda segundo a pol\u00edcia, ela foi autuada em flagrante por les\u00e3o corporal e viol\u00eancia dom\u00e9stica. A ela foi aplicada uma multa no valor de R$ 880, que at\u00e9 a manh\u00e3 deste s\u00e1bado (23) n\u00e3o havia sido paga. A pol\u00edcia revelou ainda que a crian\u00e7a foi entregue a parentes.<\/p>\n<p style=\"text-align: justify;\">\n<p style=\"text-align: justify;\"><em><strong>Acompanhe o SE Not\u00edcias no <a href=\"https:\/\/twitter.com\/Senoticias\" target=\"_blank\">Twitter<\/a>, <a href=\"https:\/\/www.instagram.com\/senoticias\/\" target=\"_blank\">Instagram<\/a> e no <a href=\"https:\/\/www.facebook.com\/senoticias1\" target=\"_blank\">Facebook<\/a><\/strong><\/em><\/p>\n<p style=\"text-align: justify;\"><em><strong>\u00a0<\/strong><\/em><\/p>\n<p style=\"text-align: justify;\">\n<em><strong>Fonte: Portal G1 SE.<\/strong><\/em><\/p>\n","protected":false},"excerpt":{"rendered":"<p>Do G1 SE A Pol\u00edcia Militar foi acionada na noite desta sexta-feira (22) ap\u00f3s uma pessoa presenciar uma m\u00e3e batendo em uma crian\u00e7a de pouco mais de um ano, no Bairro Santa Maria, em Aracaju. Segundo a pol\u00edcia, a testemunha retirou a crian\u00e7a dos bra\u00e7os da mulher, pois ela j\u00e1 apresentava hematomas. Enquanto a m\u00e3e [&hellip;]<\/p>\n","protected":false},"author":3,"featured_media":88226,"comment_status":"closed","ping_status":"closed","sticky":false,"template":"","format":"standard","meta":{"footnotes":""},"categories":[7],"tags":[],"class_list":{"0":"post-88225","1":"post","2":"type-post","3":"status-publish","4":"format-standard","5":"has-post-thumbnail","7":"category-policia"},"_links":{"self":[{"href":"https:\/\/senoticias.com.br\/se\/wp-json\/wp\/v2\/posts\/88225"}],"collection":[{"href":"https:\/\/senoticias.com.br\/se\/wp-json\/wp\/v2\/posts"}],"about":[{"href":"https:\/\/senoticias.com.br\/se\/wp-json\/wp\/v2\/types\/post"}],"author":[{"embeddable":true,"href":"https:\/\/senoticias.com.br\/se\/wp-json\/wp\/v2\/users\/3"}],"replies":[{"embeddable":true,"href":"https:\/\/senoticias.com.br\/se\/wp-json\/wp\/v2\/comments?post=88225"}],"version-history":[{"count":0,"href":"https:\/\/senoticias.com.br\/se\/wp-json\/wp\/v2\/posts\/88225\/revisions"}],"wp:featuredmedia":[{"embeddable":true,"href":"https:\/\/senoticias.com.br\/se\/wp-json\/wp\/v2\/media\/88226"}],"wp:attachment":[{"href":"https:\/\/senoticias.com.br\/se\/wp-json\/wp\/v2\/media?parent=88225"}],"wp:term":[{"taxonomy":"category","embeddable":true,"href":"https:\/\/senoticias.com.br\/se\/wp-json\/wp\/v2\/categories?post=88225"},{"taxonomy":"post_tag","embeddable":true,"href":"https:\/\/senoticias.com.br\/se\/wp-json\/wp\/v2\/tags?post=88225"}],"curies":[{"name":"wp","href":"https:\/\/api.w.org\/{rel}","templated":true}]}}