{"id":88223,"date":"2016-01-23T13:03:43","date_gmt":"2016-01-23T16:03:43","guid":{"rendered":"http:\/\/senoticias.com.br\/se\/?p=88223"},"modified":"2016-01-23T13:03:43","modified_gmt":"2016-01-23T16:03:43","slug":"avaliacao-de-universidades-nao-e-criterio-para-prouni-diz-entidade-do-setor","status":"publish","type":"post","link":"https:\/\/senoticias.com.br\/se\/avaliacao-de-universidades-nao-e-criterio-para-prouni-diz-entidade-do-setor\/","title":{"rendered":"Avalia\u00e7\u00e3o de universidades n\u00e3o \u00e9 crit\u00e9rio para ProUni, diz entidade do setor"},"content":{"rendered":"<p style=\"text-align: justify;\">A avalia\u00e7\u00e3o que torna cursos e institui\u00e7\u00f5es de ensino particulares inaptos para receber estudantes benefici\u00e1rios do Programa Universidade para Todos (ProUni) \u00e9 ainda inadequada, pois com frequ\u00eancia se baseia em informa\u00e7\u00f5es preliminares, diz a Associa\u00e7\u00e3o Brasileira de Mantenedoras de Ensino Superior (Abmes).<\/p>\n<div id=\"attachment_80903\" style=\"width: 606px\" class=\"wp-caption aligncenter\"><a href=\"http:\/\/senoticias.com.br\/se\/wp-content\/uploads\/2015\/06\/capture-20150618-081435-e1453564963342.png\"><img loading=\"lazy\" decoding=\"async\" aria-describedby=\"caption-attachment-80903\" class=\"size-full wp-image-80903\" alt=\"Prouni oferece bolsas em faculdades particulares (Foto: Arquivo\/Reprodu\u00e7\u00e3o\/TV Integra\u00e7\u00e3o)\" src=\"http:\/\/senoticias.com.br\/se\/wp-content\/uploads\/2015\/06\/capture-20150618-081435-e1453564963342.png\" width=\"596\" height=\"339\" \/><\/a><p id=\"caption-attachment-80903\" class=\"wp-caption-text\">Prouni oferece bolsas em faculdades particulares (Foto: Arquivo\/Reprodu\u00e7\u00e3o\/TV Integra\u00e7\u00e3o)<\/p><\/div>\n<p style=\"text-align: justify;\">Hoje (22), o ministro da Educa\u00e7\u00e3o, Aloizio Mercadante, atribuiu a queda de 4% na oferta de bolsas do ProUni neste ano \u00e0 reprova\u00e7\u00e3o da qualidade de 97 institui\u00e7\u00f5es de ensino superior que est\u00e3o sob supervis\u00e3o do Minist\u00e9rio da Educa\u00e7\u00e3o (MEC). De acordo com o ministro, mais 340 institui\u00e7\u00f5es est\u00e3o sob supervis\u00e3o do MEC e t\u00eam de fazer o Termo de Ajustamento de Conduta, sendo obrigadas a apresentar medidas provando que est\u00e3o aptas para retomar a qualidade no ensino no padr\u00e3o exigido.<\/p>\n<p style=\"text-align: justify;\">\u201cN\u00e3o vamos dar bolsa onde n\u00e3o tem qualidade. \u00c9 um investimento do estado, est\u00e1 tendo isen\u00e7\u00e3o fiscal. Ent\u00e3o, queremos que os alunos tenham a bolsa do ProUni, do Fies [Fundo de Financiamento Estudantil], sempre com qualidade nos cursos\u201d, disse Mercadante, pouco antes de participar de encontro com secret\u00e1rios de Educa\u00e7\u00e3o da Grande S\u00e3o Paulo, no audit\u00f3rio da Biblioteca M\u00e1rio de Andrade, no centro da capital paulista.<\/p>\n<p style=\"text-align: justify;\">Para o diretor executivo da Abmes, S\u00f3lon Caldas, no entanto, a avalia\u00e7\u00e3o na qual o MEC baseia a inadequa\u00e7\u00e3o dos cursos n\u00e3o condiz de fato com a realidade das institui\u00e7\u00f5es ou dos cursos que ofertam. \u201cNa maior parte dos casos, a exclus\u00e3o se baseia no Conceito Preliminar de Curso, cuja nota \u00e9 60% composta pelo Enade [Exame Nacional de Desempenho dos Estudantes]&#8221;, disse Caldas. &#8220;O pr\u00f3prio MEC j\u00e1 reconheceu que o Enade \u00e9 uma prova que o aluno faz num domingo, sem nenhum comprometimento com o resultado.&#8221;<\/p>\n<p style=\"text-align: justify;\">Um conceito definitivo \u00e9 somente obtido ap\u00f3s a visita de uma comiss\u00e3o de especialistas do MEC \u00e0s institui\u00e7\u00f5es de ensino, processo que pode demorar a ocorrer. Mesmo nesses casos, a Abmes defende uma avalia\u00e7\u00e3o com car\u00e1ter reparador, e n\u00e3o punitivo.<\/p>\n<p style=\"text-align: justify;\">&#8220;Em qualquer lugar do mundo, o processo de avalia\u00e7\u00e3o n\u00e3o \u00e9 punitivo. Infelizmente, o processo de avalia\u00e7\u00e3o do MEC tem esse car\u00e1ter de reduzir vagas, suspender vestibulares e outras medidas&#8221;, afirmou Caldas. &#8220;J\u00e1 tivemos in\u00fameras reuni\u00f5es com o Minist\u00e9rio da Educa\u00e7\u00e3o por conta desse conceito preliminar basear san\u00e7\u00f5es.&#8221;<\/p>\n<p style=\"text-align: justify;\">Hoje (22) \u00e9 o \u00faltimo dia para se inscrever no Programa Universidade para Todos (ProUni). Os candidatos t\u00eam at\u00e9 as 23h59, no hor\u00e1rio de Bras\u00edlia, para fazer a inscri\u00e7\u00e3o e concorrer a bolsas de estudos em cursos de institui\u00e7\u00f5es privadas de ensino superior. Nesta edi\u00e7\u00e3o, o ProUni vai ofertar 203.602 bolsas para 30.931 cursos.<\/p>\n<p style=\"text-align: justify;\">\n<strong><em>Acompanhe o SE Not\u00edcias no <a href=\"https:\/\/twitter.com\/Senoticias\" target=\"_blank\">Twitter<\/a>, <a href=\"https:\/\/www.instagram.com\/senoticias\/\" target=\"_blank\">Instagram<\/a> e no <a href=\"https:\/\/www.facebook.com\/senoticias1\" target=\"_blank\">Facebook<\/a><\/em><\/strong><\/p>\n<p style=\"text-align: justify;\"><strong><em>\u00a0<\/em><\/strong><\/p>\n<p style=\"text-align: justify;\">\n<strong><em>Fonte: Portal Ag\u00eancia Brasil.<\/em><\/strong><\/p>\n","protected":false},"excerpt":{"rendered":"<p>A avalia\u00e7\u00e3o que torna cursos e institui\u00e7\u00f5es de ensino particulares inaptos para receber estudantes benefici\u00e1rios do Programa Universidade para Todos (ProUni) \u00e9 ainda inadequada, pois com frequ\u00eancia se baseia em informa\u00e7\u00f5es preliminares, diz a Associa\u00e7\u00e3o Brasileira de Mantenedoras de Ensino Superior (Abmes). Hoje (22), o ministro da Educa\u00e7\u00e3o, Aloizio Mercadante, atribuiu a queda de 4% [&hellip;]<\/p>\n","protected":false},"author":3,"featured_media":80903,"comment_status":"closed","ping_status":"closed","sticky":false,"template":"","format":"standard","meta":{"footnotes":""},"categories":[44,26],"tags":[],"class_list":{"0":"post-88223","1":"post","2":"type-post","3":"status-publish","4":"format-standard","5":"has-post-thumbnail","7":"category-educacao","8":"category-esportes"},"_links":{"self":[{"href":"https:\/\/senoticias.com.br\/se\/wp-json\/wp\/v2\/posts\/88223"}],"collection":[{"href":"https:\/\/senoticias.com.br\/se\/wp-json\/wp\/v2\/posts"}],"about":[{"href":"https:\/\/senoticias.com.br\/se\/wp-json\/wp\/v2\/types\/post"}],"author":[{"embeddable":true,"href":"https:\/\/senoticias.com.br\/se\/wp-json\/wp\/v2\/users\/3"}],"replies":[{"embeddable":true,"href":"https:\/\/senoticias.com.br\/se\/wp-json\/wp\/v2\/comments?post=88223"}],"version-history":[{"count":0,"href":"https:\/\/senoticias.com.br\/se\/wp-json\/wp\/v2\/posts\/88223\/revisions"}],"wp:featuredmedia":[{"embeddable":true,"href":"https:\/\/senoticias.com.br\/se\/wp-json\/wp\/v2\/media\/80903"}],"wp:attachment":[{"href":"https:\/\/senoticias.com.br\/se\/wp-json\/wp\/v2\/media?parent=88223"}],"wp:term":[{"taxonomy":"category","embeddable":true,"href":"https:\/\/senoticias.com.br\/se\/wp-json\/wp\/v2\/categories?post=88223"},{"taxonomy":"post_tag","embeddable":true,"href":"https:\/\/senoticias.com.br\/se\/wp-json\/wp\/v2\/tags?post=88223"}],"curies":[{"name":"wp","href":"https:\/\/api.w.org\/{rel}","templated":true}]}}