{"id":88220,"date":"2016-01-23T12:43:18","date_gmt":"2016-01-23T15:43:18","guid":{"rendered":"http:\/\/senoticias.com.br\/se\/?p=88220"},"modified":"2016-01-23T12:43:18","modified_gmt":"2016-01-23T15:43:18","slug":"crise-reduziu-consumo-de-nove-entre-dez-brasileiros-mostra-pesquisa","status":"publish","type":"post","link":"https:\/\/senoticias.com.br\/se\/crise-reduziu-consumo-de-nove-entre-dez-brasileiros-mostra-pesquisa\/","title":{"rendered":"Crise reduziu consumo de nove entre dez brasileiros, mostra pesquisa"},"content":{"rendered":"<p style=\"text-align: justify;\">Pesquisa divulgada esta semana pelo Instituto Data Popular mostra que nove entre dez brasileiros diminu\u00edram o consumo no ano passado, devido \u00e0 crise econ\u00f4mica. As entrevistas foram feitas entre os dias 4 e 12 de janeiro com 3,5 mil consumidores maiores de 16 anos em 153 munic\u00edpios de todos os estados.<\/p>\n<div id=\"attachment_88221\" style=\"width: 590px\" class=\"wp-caption aligncenter\"><a href=\"http:\/\/senoticias.com.br\/se\/wp-content\/uploads\/2016\/01\/compras_natal_dsc_0295.jpg\"><img loading=\"lazy\" decoding=\"async\" aria-describedby=\"caption-attachment-88221\" class=\"size-full wp-image-88221\" alt=\"Arquivo\/Ag\u00eancia Brasil\" src=\"http:\/\/senoticias.com.br\/se\/wp-content\/uploads\/2016\/01\/compras_natal_dsc_0295.jpg\" width=\"580\" height=\"388\" srcset=\"https:\/\/senoticias.com.br\/se\/wp-content\/uploads\/2016\/01\/compras_natal_dsc_0295.jpg 580w, https:\/\/senoticias.com.br\/se\/wp-content\/uploads\/2016\/01\/compras_natal_dsc_0295-300x200.jpg 300w, https:\/\/senoticias.com.br\/se\/wp-content\/uploads\/2016\/01\/compras_natal_dsc_0295-342x228.jpg 342w\" sizes=\"(max-width: 580px) 100vw, 580px\" \/><\/a><p id=\"caption-attachment-88221\" class=\"wp-caption-text\">Arquivo\/Ag\u00eancia Brasil<\/p><\/div>\n<p style=\"text-align: justify;\">Segundo os dados, dos 99% dos consultados que acreditam que o pa\u00eds est\u00e1 em crise, 81% t\u00eam certeza de que vivenciam um per\u00edodo de recess\u00e3o. Para 55%, esta \u00e9 a pior crise que j\u00e1 enfrentaram. De acordo com o presidente do instituto, Renato Meirelles, isso acontece por dois fatores.<\/p>\n<p style=\"text-align: justify;\">O primeiro deles \u00e9 que existe hoje um contingente enorme de consumidores que n\u00e3o participavam do mercado na \u00e9poca em que o Brasil conviveu com hiperinfla\u00e7\u00e3o. \u201cN\u00e3o eram adultos na \u00e9poca da hiperinfla\u00e7\u00e3o. \u00c9, de fato, um conjunto de consumidores jovens que tendem a achar que esta \u00e9 a maior crise\u201d, disse Meirelles, para quem a crise atual n\u00e3o \u00e9 a maior que o pa\u00eds atravessa. \u201cA gente j\u00e1 teve crises com taxas de desemprego maiores, com o pa\u00eds com menos reserva internacional do que tem hoje, com mais infla\u00e7\u00e3o.\u201d<\/p>\n<p style=\"text-align: justify;\">Outro fator, segundo Meirelles, \u00e9 que nas crises anteriores, de 2002 de 2008, em geral, as pessoas tinham a sensa\u00e7\u00e3o de que estava dif\u00edcil comprar um bem ou produto ou melhorar de vida. Segundo ele, hoje a sensa\u00e7\u00e3o de \u201cvoltar para tr\u00e1s\u201d e isso aumenta a percep\u00e7\u00e3o de que esta \u00e9 a maior crise. Como a situa\u00e7\u00e3o atual veio depois de um processo de crescimento forte, da democratiza\u00e7\u00e3o do consumo, de os brasileiros passarem a ter acesso a produtos e servi\u00e7os que antes n\u00e3o consumiam, a sensa\u00e7\u00e3o de perda se torna mais forte, disse Renato Meirelles.<\/p>\n<p style=\"text-align: justify;\"><strong>Retomada<\/strong><\/p>\n<p style=\"text-align: justify;\">O presidente do Data Popular observou, entretanto, que boa parte das pessoas que n\u00e3o conseguiram realizar seus projetos no ano passado, em fun\u00e7\u00e3o da crise, se mostra disposta a efetivar seus planos em 2016. Do percentual de 63% que planejaram comprar um im\u00f3vel em 2015, mas encerraram o ano sem cumprir a meta, 35% acreditam que conseguir\u00e3o realizar o sonho este ano. O percentual sobe para 69% se for considerado o universo de pessoas que planejaram comprar um eletrodom\u00e9stico em 2015 e n\u00e3o conseguiram (54% dos entrevistados).<\/p>\n<p style=\"text-align: justify;\">\u201cA pesquisa mostrou que o consumidor est\u00e1 se programando para realizar seus planos, seja buscando uma renda extra, fazendo escolha do que \u00e9 priorit\u00e1rio ou n\u00e3o no seu gasto, seja buscando financiamento, para voltar a comprar aquilo que ele tinha pensado em ter no ano passado e n\u00e3o comprou\u201d. Significa que a crise funciona como uma alavanca para que as pessoas retomem o que haviam programado. \u201c\u00c9 um consumidor que entra nesta crise mais preparado do que em crises anteriores\u201d, ressaltou Meirelles.<\/p>\n<p style=\"text-align: justify;\">Outro aspecto evidenciado por esse cen\u00e1rio \u00e9 que a estrat\u00e9gia das empresas que querem conquistar esse consumidor tem que mudar, segundo Renato Meirelles. \u201cEm um cen\u00e1rio de crise, as empresas t\u00eam que ganhar dos seus concorrentes\u201d, disse, ao destacar que as empresas que souberem fidelizar o consumidor e se mostrar de alguns forma como parceira ter\u00e3o mais chances de crescer do que outras. \u201cEsse \u00e9 o momento de as empresas consolidarem seus clientes fi\u00e9is e avan\u00e7arem sobre a concorr\u00eancia, que \u00e9 a consequ\u00eancia disso no mercado\u201d.<\/p>\n<p style=\"text-align: justify;\">\n<strong><em>Acompanhe o SE Not\u00edcias no <a href=\"https:\/\/twitter.com\/Senoticias\" target=\"_blank\">Twitter<\/a>, <a href=\"https:\/\/www.instagram.com\/senoticias\/\" target=\"_blank\">Instagram<\/a> e no <a href=\"https:\/\/www.facebook.com\/senoticias1\" target=\"_blank\">Facebook<\/a><\/em><\/strong><\/p>\n<p style=\"text-align: justify;\"><a href=\"https:\/\/www.facebook.com\/senoticias1\" target=\"_blank\"><strong><em>\u00a0<\/em><\/strong><\/a><\/p>\n<p style=\"text-align: justify;\">\n<strong><em>Fonte: Portal Ag\u00eancia Brasil.<\/em><\/strong><\/p>\n<p style=\"text-align: justify;\"><strong><em>\u00a0<\/em><\/strong><\/p>\n","protected":false},"excerpt":{"rendered":"<p>Pesquisa divulgada esta semana pelo Instituto Data Popular mostra que nove entre dez brasileiros diminu\u00edram o consumo no ano passado, devido \u00e0 crise econ\u00f4mica. As entrevistas foram feitas entre os dias 4 e 12 de janeiro com 3,5 mil consumidores maiores de 16 anos em 153 munic\u00edpios de todos os estados. Segundo os dados, dos [&hellip;]<\/p>\n","protected":false},"author":3,"featured_media":88221,"comment_status":"closed","ping_status":"closed","sticky":false,"template":"","format":"standard","meta":{"footnotes":""},"categories":[8],"tags":[],"class_list":{"0":"post-88220","1":"post","2":"type-post","3":"status-publish","4":"format-standard","5":"has-post-thumbnail","7":"category-esporte-e-cultura"},"_links":{"self":[{"href":"https:\/\/senoticias.com.br\/se\/wp-json\/wp\/v2\/posts\/88220"}],"collection":[{"href":"https:\/\/senoticias.com.br\/se\/wp-json\/wp\/v2\/posts"}],"about":[{"href":"https:\/\/senoticias.com.br\/se\/wp-json\/wp\/v2\/types\/post"}],"author":[{"embeddable":true,"href":"https:\/\/senoticias.com.br\/se\/wp-json\/wp\/v2\/users\/3"}],"replies":[{"embeddable":true,"href":"https:\/\/senoticias.com.br\/se\/wp-json\/wp\/v2\/comments?post=88220"}],"version-history":[{"count":0,"href":"https:\/\/senoticias.com.br\/se\/wp-json\/wp\/v2\/posts\/88220\/revisions"}],"wp:featuredmedia":[{"embeddable":true,"href":"https:\/\/senoticias.com.br\/se\/wp-json\/wp\/v2\/media\/88221"}],"wp:attachment":[{"href":"https:\/\/senoticias.com.br\/se\/wp-json\/wp\/v2\/media?parent=88220"}],"wp:term":[{"taxonomy":"category","embeddable":true,"href":"https:\/\/senoticias.com.br\/se\/wp-json\/wp\/v2\/categories?post=88220"},{"taxonomy":"post_tag","embeddable":true,"href":"https:\/\/senoticias.com.br\/se\/wp-json\/wp\/v2\/tags?post=88220"}],"curies":[{"name":"wp","href":"https:\/\/api.w.org\/{rel}","templated":true}]}}