{"id":88217,"date":"2016-01-23T08:32:57","date_gmt":"2016-01-23T11:32:57","guid":{"rendered":"http:\/\/senoticias.com.br\/se\/?p=88217"},"modified":"2016-01-23T08:34:42","modified_gmt":"2016-01-23T11:34:42","slug":"1a-noite-de-fest-verao-atrai-mais-de-40-mil-pessoas","status":"publish","type":"post","link":"https:\/\/senoticias.com.br\/se\/1a-noite-de-fest-verao-atrai-mais-de-40-mil-pessoas\/","title":{"rendered":"1\u00aa noite de Fest Ver\u00e3o atrai mais de 40 mil pessoas"},"content":{"rendered":"<p style=\"text-align: justify;\">Na primeira noite do Fest Ver\u00e3o 2016, mais de 40 mil pessoas lotaram a Arena de Eventos,ao som das bandas Oito7nove4, Capital Inicial, Ivete Sangalo, Wesley Safad\u00e3o, Z\u00e9 Neto &amp; Cristiano e Forr\u00f3 da Pega\u00e7\u00e3o.<\/p>\n<p style=\"text-align: justify;\">O<em>\u00a0Portal Infonet\u00a0<\/em>fez a cobertura da festa com entrevistas e bastidores da folia. O evento acontece at\u00e9 domingo, 24, com diversas atra\u00e7\u00f5es musicais que se dividir\u00e3o entre os dois palcos.<\/p>\n<p><strong>Confira o v\u00eddeo da mat\u00e9ria da jornalista K\u00e1tia Sussana\/Portal Infonet!<\/strong><\/p>\n<p><iframe loading=\"lazy\" title=\"1\u00aa noite do Fest Ver\u00e3o atrai mais de 40 mil pessoas em Aracaju\" width=\"500\" height=\"281\" src=\"https:\/\/www.youtube.com\/embed\/PG0Y41PsVss?feature=oembed\" frameborder=\"0\" allow=\"accelerometer; autoplay; clipboard-write; encrypted-media; gyroscope; picture-in-picture; web-share\" referrerpolicy=\"strict-origin-when-cross-origin\" allowfullscreen><\/iframe><\/p>\n","protected":false},"excerpt":{"rendered":"<p>Na primeira noite do Fest Ver\u00e3o 2016, mais de 40 mil pessoas lotaram a Arena de Eventos,ao som das bandas Oito7nove4, Capital Inicial, Ivete Sangalo, Wesley Safad\u00e3o, Z\u00e9 Neto &amp; Cristiano e Forr\u00f3 da Pega\u00e7\u00e3o. O\u00a0Portal Infonet\u00a0fez a cobertura da festa com entrevistas e bastidores da folia. O evento acontece at\u00e9 domingo, 24, com diversas [&hellip;]<\/p>\n","protected":false},"author":1,"featured_media":0,"comment_status":"closed","ping_status":"closed","sticky":false,"template":"","format":"standard","meta":{"footnotes":""},"categories":[1],"tags":[],"class_list":{"0":"post-88217","1":"post","2":"type-post","3":"status-publish","4":"format-standard","6":"category-sem-categoria"},"_links":{"self":[{"href":"https:\/\/senoticias.com.br\/se\/wp-json\/wp\/v2\/posts\/88217"}],"collection":[{"href":"https:\/\/senoticias.com.br\/se\/wp-json\/wp\/v2\/posts"}],"about":[{"href":"https:\/\/senoticias.com.br\/se\/wp-json\/wp\/v2\/types\/post"}],"author":[{"embeddable":true,"href":"https:\/\/senoticias.com.br\/se\/wp-json\/wp\/v2\/users\/1"}],"replies":[{"embeddable":true,"href":"https:\/\/senoticias.com.br\/se\/wp-json\/wp\/v2\/comments?post=88217"}],"version-history":[{"count":0,"href":"https:\/\/senoticias.com.br\/se\/wp-json\/wp\/v2\/posts\/88217\/revisions"}],"wp:attachment":[{"href":"https:\/\/senoticias.com.br\/se\/wp-json\/wp\/v2\/media?parent=88217"}],"wp:term":[{"taxonomy":"category","embeddable":true,"href":"https:\/\/senoticias.com.br\/se\/wp-json\/wp\/v2\/categories?post=88217"},{"taxonomy":"post_tag","embeddable":true,"href":"https:\/\/senoticias.com.br\/se\/wp-json\/wp\/v2\/tags?post=88217"}],"curies":[{"name":"wp","href":"https:\/\/api.w.org\/{rel}","templated":true}]}}