{"id":88214,"date":"2016-01-22T21:32:46","date_gmt":"2016-01-23T00:32:46","guid":{"rendered":"http:\/\/senoticias.com.br\/se\/?p=88214"},"modified":"2016-01-22T21:32:53","modified_gmt":"2016-01-23T00:32:53","slug":"irmao-lazaro-eli-soares-e-juliano-son-agitam-o-mais-de-deus","status":"publish","type":"post","link":"https:\/\/senoticias.com.br\/se\/irmao-lazaro-eli-soares-e-juliano-son-agitam-o-mais-de-deus\/","title":{"rendered":"Irm\u00e3o L\u00e1zaro, Eli Soares e Juliano Son agitam o &#8216;Mais de Deus&#8217;"},"content":{"rendered":"<div id=\"attachment_88215\" style=\"width: 310px\" class=\"wp-caption alignright\"><a href=\"http:\/\/senoticias.com.br\/se\/wp-content\/uploads\/2016\/01\/eli_soares-1.jpg\"><img loading=\"lazy\" decoding=\"async\" aria-describedby=\"caption-attachment-88215\" class=\"size-full wp-image-88215\" alt=\"Eli Soares \u00e9 uma das atra\u00e7\u00f5es do 'Mais de Deus' (Foto: Divulga\u00e7\u00e3o)\" src=\"http:\/\/senoticias.com.br\/se\/wp-content\/uploads\/2016\/01\/eli_soares-1.jpg\" width=\"300\" height=\"225\" srcset=\"https:\/\/senoticias.com.br\/se\/wp-content\/uploads\/2016\/01\/eli_soares-1.jpg 300w, https:\/\/senoticias.com.br\/se\/wp-content\/uploads\/2016\/01\/eli_soares-1-60x45.jpg 60w, https:\/\/senoticias.com.br\/se\/wp-content\/uploads\/2016\/01\/eli_soares-1-150x113.jpg 150w, https:\/\/senoticias.com.br\/se\/wp-content\/uploads\/2016\/01\/eli_soares-1-269x201.jpg 269w\" sizes=\"(max-width: 300px) 100vw, 300px\" \/><\/a><p id=\"caption-attachment-88215\" class=\"wp-caption-text\">Eli Soares \u00e9 uma das atra\u00e7\u00f5es do &#8216;Mais de Deus&#8217;<br \/>(Foto: Divulga\u00e7\u00e3o)<\/p><\/div>\n<p><em><strong>Do <a href=\"http:\/\/g1.globo.com\/se\/sergipe\/carnaval\/2016\/noticia\/2016\/01\/irmao-lazaro-eli-soares-e-juliano-son-agitam-o-mais-de-deus.html\" target=\"_blank\">G1<\/a> SE<\/strong><\/em><\/p>\n<p>O p\u00fablico evang\u00e9lico que n\u00e3o vai para o Fest Ver\u00e3o tem a partir desta sexta-feira (22) uma op\u00e7\u00e3o de lazer diferenciada: \u00e9 o Mais de Deus.<\/p>\n<p>O evento promovido pela Igreja Presbiteriana Renovada vai reunir atra\u00e7\u00f5es locais e nacionais no Espa\u00e7o Fam\u00edlia Renovada, no Bairro Coroa do Meio.<\/p>\n<p>Na programa\u00e7\u00e3o de hoje tem a banda Livres, Juliano Son e Eli Soares.<\/p>\n<p>Neste s\u00e1bado (23) a programa\u00e7\u00e3o segue com Irm\u00e3o L\u00e1zaro\u00a0e Paulo C\u00e9sar Baruk.<br \/>\nAcompanhe o SENot\u00edcias no\u00a0<a href=\"https:\/\/twitter.com\/Senoticias\" target=\"_blank\">Twitter<\/a>\u00a0e no\u00a0<a href=\"https:\/\/www.facebook.com\/senoticias1\" target=\"_blank\">Facebook<\/a><\/p>\n","protected":false},"excerpt":{"rendered":"<p>Do G1 SE O p\u00fablico evang\u00e9lico que n\u00e3o vai para o Fest Ver\u00e3o tem a partir desta sexta-feira (22) uma op\u00e7\u00e3o de lazer diferenciada: \u00e9 o Mais de Deus. O evento promovido pela Igreja Presbiteriana Renovada vai reunir atra\u00e7\u00f5es locais e nacionais no Espa\u00e7o Fam\u00edlia Renovada, no Bairro Coroa do Meio. Na programa\u00e7\u00e3o de hoje [&hellip;]<\/p>\n","protected":false},"author":1,"featured_media":88215,"comment_status":"closed","ping_status":"closed","sticky":false,"template":"","format":"standard","meta":{"footnotes":""},"categories":[310,46],"tags":[],"class_list":{"0":"post-88214","1":"post","2":"type-post","3":"status-publish","4":"format-standard","5":"has-post-thumbnail","7":"category-destaques-da-semana","8":"category-religiao"},"_links":{"self":[{"href":"https:\/\/senoticias.com.br\/se\/wp-json\/wp\/v2\/posts\/88214"}],"collection":[{"href":"https:\/\/senoticias.com.br\/se\/wp-json\/wp\/v2\/posts"}],"about":[{"href":"https:\/\/senoticias.com.br\/se\/wp-json\/wp\/v2\/types\/post"}],"author":[{"embeddable":true,"href":"https:\/\/senoticias.com.br\/se\/wp-json\/wp\/v2\/users\/1"}],"replies":[{"embeddable":true,"href":"https:\/\/senoticias.com.br\/se\/wp-json\/wp\/v2\/comments?post=88214"}],"version-history":[{"count":0,"href":"https:\/\/senoticias.com.br\/se\/wp-json\/wp\/v2\/posts\/88214\/revisions"}],"wp:featuredmedia":[{"embeddable":true,"href":"https:\/\/senoticias.com.br\/se\/wp-json\/wp\/v2\/media\/88215"}],"wp:attachment":[{"href":"https:\/\/senoticias.com.br\/se\/wp-json\/wp\/v2\/media?parent=88214"}],"wp:term":[{"taxonomy":"category","embeddable":true,"href":"https:\/\/senoticias.com.br\/se\/wp-json\/wp\/v2\/categories?post=88214"},{"taxonomy":"post_tag","embeddable":true,"href":"https:\/\/senoticias.com.br\/se\/wp-json\/wp\/v2\/tags?post=88214"}],"curies":[{"name":"wp","href":"https:\/\/api.w.org\/{rel}","templated":true}]}}