{"id":88210,"date":"2016-01-22T20:51:40","date_gmt":"2016-01-22T23:51:40","guid":{"rendered":"http:\/\/senoticias.com.br\/se\/?p=88210"},"modified":"2016-01-22T20:51:40","modified_gmt":"2016-01-22T23:51:40","slug":"seidh-participa-de-acao-inclusiva-em-escola-de-itaporanga","status":"publish","type":"post","link":"https:\/\/senoticias.com.br\/se\/seidh-participa-de-acao-inclusiva-em-escola-de-itaporanga\/","title":{"rendered":"Seidh participa de a\u00e7\u00e3o inclusiva em escola de Itaporanga"},"content":{"rendered":"<p style=\"text-align: justify;\">Orienta\u00e7\u00e3o, divers\u00e3o e educa\u00e7\u00e3o foram o mote do \u201cFelisbelo em A\u00e7\u00e3o\u201d, realizado nesta quinta e sexta-feira, 21 e 22, no Col\u00e9gio Estadual Felisbelo Freire, localizado na cidade de Itaporanga D\u2019Ajuda. As atividades, elaboradas por iniciativa de um professor da pr\u00f3pria escola, contaram com a participa\u00e7\u00e3o de tr\u00eas coordenadorias da Secretaria de Estado da Mulher, Inclus\u00e3o, Assist\u00eancia Social, do Trabalho e dos Direitos Humanos (Seidh). O projeto teve por objetivo envolver a comunidade no dia a dia da escola e combater a viol\u00eancia escolar atrav\u00e9s de importantes debates e da express\u00e3o da arte.<\/p>\n<div id=\"attachment_88211\" style=\"width: 608px\" class=\"wp-caption aligncenter\"><a href=\"http:\/\/senoticias.com.br\/se\/wp-content\/uploads\/2016\/01\/ITAPORANGA-FELISBELO-EM-ACAO-FOTO-JADILSON-SIMOES-220116-3-e1453506603345.jpg\"><img loading=\"lazy\" decoding=\"async\" aria-describedby=\"caption-attachment-88211\" class=\"size-full wp-image-88211\" alt=\"Seidh participa de a\u00e7\u00e3o inclusiva da Escola Felisbelo Freire. (Foto: Jadilson Sim\u00f5es)\" src=\"http:\/\/senoticias.com.br\/se\/wp-content\/uploads\/2016\/01\/ITAPORANGA-FELISBELO-EM-ACAO-FOTO-JADILSON-SIMOES-220116-3-e1453506603345.jpg\" width=\"598\" height=\"397\" \/><\/a><p id=\"caption-attachment-88211\" class=\"wp-caption-text\">Seidh participa de a\u00e7\u00e3o inclusiva da Escola Felisbelo Freire. (Foto: Jadilson Sim\u00f5es)<\/p><\/div>\n<p style=\"text-align: justify;\">Para abrir os trabalhos, nada melhor que um show de talentos de alguns dos mais de 1.200 alunos que frequentam a escola nos tr\u00eas turnos. M\u00fasica, arte e uma apresenta\u00e7\u00e3o de um dos estudantes destacaram os dons de rostos at\u00e9 ent\u00e3o desconhecidos nos corredores da institui\u00e7\u00e3o. Apresentando-se para os colegas, o estudante do 2\u00ba ano, Marcos Vinicius, que \u00e9 Miss Gay Sergipe 2015 como Melany Madson, destacou todo o respeito que existe na escola. \u201cMeus colegas n\u00e3o me tratam com nenhuma diferen\u00e7a no dia-a-dia. Acho importante realmente debater a sexualidade para quebrar tabus. Ainda n\u00e3o acontece preconceito aqui, mas em outros lugares, sim. Por isso, precisamos falar\u201d, comentou o jovem.<\/p>\n<div id=\"attachment_88212\" style=\"width: 608px\" class=\"wp-caption aligncenter\"><a href=\"http:\/\/senoticias.com.br\/se\/wp-content\/uploads\/2016\/01\/ITAPORANGA-FELISBELO-EM-ACAO-FOTO-JADILSON-SIMOES-220116-1-e1453506661990.jpg\"><img loading=\"lazy\" decoding=\"async\" aria-describedby=\"caption-attachment-88212\" class=\"size-full wp-image-88212\" alt=\"Seidh participa de a\u00e7\u00e3o inclusiva da Escola Felisbelo Freire. (Foto: Jadilson Sim\u00f5es)\" src=\"http:\/\/senoticias.com.br\/se\/wp-content\/uploads\/2016\/01\/ITAPORANGA-FELISBELO-EM-ACAO-FOTO-JADILSON-SIMOES-220116-1-e1453506661990.jpg\" width=\"598\" height=\"397\" \/><\/a><p id=\"caption-attachment-88212\" class=\"wp-caption-text\">Seidh participa de a\u00e7\u00e3o inclusiva da Escola Felisbelo Freire. (Foto: Jadilson Sim\u00f5es)<\/p><\/div>\n<p style=\"text-align: justify;\">Tamb\u00e9m para a coordenadora do n\u00facleo de pol\u00edticas p\u00fablicas LGBT da Seidh, Adriana Lohanna, o debate de temas como esse \u00e9 o que deve ser perseguido. \u201cVamos falar sobre as quest\u00f5es da descoberta da sexualidade na adolesc\u00eancia. Essa a\u00e7\u00e3o \u00e9 importante para que a gente possa disseminar todas as formas de acesso aos direitos humanos e tamb\u00e9m de respeito \u00e0 diversidade\u201d, explicou.<\/p>\n<p style=\"text-align: justify;\">Ap\u00f3s a parte art\u00edstica, outros assuntos de relev\u00e2ncia foram discutidos, despertando o interesse dos estudantes, futuros profissionais do mercado de trabalho. Na oportunidade, palestras e oficinas foram ofertadas para esclarecer d\u00favidas sobre temas essenciais, como emprego e servi\u00e7os b\u00e1sicos oferecidos para eles. Pautas como drogas e juventude tamb\u00e9m foram levantadas durante os dois dias de evento.<\/p>\n<p style=\"text-align: justify;\">Representando a Coordenadoria da Juventude, o conselheiro estadual Jhonathan Lima ministrou a palestra \u201cO Protagonismo Juvenil\u201d, contando para os presentes quais os direitos e deveres de todos eles, e apresentando os projetos da Seidh para esse p\u00fablico. \u201cJ\u00e1 passamos em todos os munic\u00edpios ouvindo demandas para a cria\u00e7\u00e3o do Plano Estadual da Juventude e conseguimos mandar 15 jovens representando o nosso estado para a Confer\u00eancia Nacional da Juventude no final do ano passado. E em 2016, vamos realizar 20 audi\u00eancias p\u00fablicas territoriais para conseguir ouvir ainda mais a juventude sergipana\u201d, detalhou.<\/p>\n<p style=\"text-align: justify;\">Pelo N\u00facleo de Apoio ao Trabalho (NAT), o gerente de intermedia\u00e7\u00e3o de m\u00e3o-de-obra Daniel Oliveira passou dicas para aqueles que est\u00e3o prestes a se tornar trabalhadores: como fazer um curr\u00edculo, o que fazer para se especializar, dados sobre todo trabalho realizado no n\u00facleo. Daniel deu, ainda, um toque que fez os participantes ouvirem com aten\u00e7\u00e3o. \u201cEssa \u00e9 a hora de come\u00e7ar a pensar no futuro de voc\u00eas. N\u00f3s sempre falamos da import\u00e2ncia de se preparar para uma entrevista de emprego. O mercado est\u00e1 cada vez mais exigente, ent\u00e3o sempre se qualifiquem e fa\u00e7am cursos\u201d, alertou.<\/p>\n<p style=\"text-align: justify;\">Para a coordenadora da escola, Elaine Alves Dantas, o resultado foi mais que positivo. \u201cOs alunos se envolveram mesmo e abra\u00e7aram a ideia. Estamos realizados com esse retorno dos alunos e com a parceria com a Seidh que conhecemos agora, mas n\u00e3o queremos mais deixar. Acionamos e, prontamente, todos se colocaram \u00e0 disposi\u00e7\u00e3o para executar o projeto\u201d, comemorou o sucesso do evento, que se encerrou na sexta-feira, com a emiss\u00e3o de Carteiras de Trabalho e Previd\u00eancia Social (CTPS) pelo NAT.<\/p>\n<p><strong><strong><em>Acompanhe o SE Not\u00edcias no\u00a0<a href=\"https:\/\/twitter.com\/Senoticias\" target=\"_blank\">Twitter<\/a>,\u00a0<a href=\"https:\/\/www.instagram.com\/senoticias\/\" target=\"_blank\">Instagram<\/a>\u00a0e no\u00a0<a href=\"https:\/\/www.facebook.com\/senoticias1\" target=\"_blank\">Facebook<\/a><\/em><\/strong><\/strong><\/p>\n<p>Assessoria de Comunica\u00e7\u00e3o<br \/>\nSecretaria de Estado da Mulher, da Inclus\u00e3o e Assist\u00eancia Social, do Trabalho e dos Direitos Humanos &#8211; SEIDH\/Governo de Sergipe<\/p>\n","protected":false},"excerpt":{"rendered":"<p>Orienta\u00e7\u00e3o, divers\u00e3o e educa\u00e7\u00e3o foram o mote do \u201cFelisbelo em A\u00e7\u00e3o\u201d, realizado nesta quinta e sexta-feira, 21 e 22, no Col\u00e9gio Estadual Felisbelo Freire, localizado na cidade de Itaporanga D\u2019Ajuda. As atividades, elaboradas por iniciativa de um professor da pr\u00f3pria escola, contaram com a participa\u00e7\u00e3o de tr\u00eas coordenadorias da Secretaria de Estado da Mulher, Inclus\u00e3o, [&hellip;]<\/p>\n","protected":false},"author":1,"featured_media":88211,"comment_status":"closed","ping_status":"closed","sticky":false,"template":"","format":"standard","meta":{"footnotes":""},"categories":[38],"tags":[],"class_list":{"0":"post-88210","1":"post","2":"type-post","3":"status-publish","4":"format-standard","5":"has-post-thumbnail","7":"category-municipios"},"_links":{"self":[{"href":"https:\/\/senoticias.com.br\/se\/wp-json\/wp\/v2\/posts\/88210"}],"collection":[{"href":"https:\/\/senoticias.com.br\/se\/wp-json\/wp\/v2\/posts"}],"about":[{"href":"https:\/\/senoticias.com.br\/se\/wp-json\/wp\/v2\/types\/post"}],"author":[{"embeddable":true,"href":"https:\/\/senoticias.com.br\/se\/wp-json\/wp\/v2\/users\/1"}],"replies":[{"embeddable":true,"href":"https:\/\/senoticias.com.br\/se\/wp-json\/wp\/v2\/comments?post=88210"}],"version-history":[{"count":0,"href":"https:\/\/senoticias.com.br\/se\/wp-json\/wp\/v2\/posts\/88210\/revisions"}],"wp:featuredmedia":[{"embeddable":true,"href":"https:\/\/senoticias.com.br\/se\/wp-json\/wp\/v2\/media\/88211"}],"wp:attachment":[{"href":"https:\/\/senoticias.com.br\/se\/wp-json\/wp\/v2\/media?parent=88210"}],"wp:term":[{"taxonomy":"category","embeddable":true,"href":"https:\/\/senoticias.com.br\/se\/wp-json\/wp\/v2\/categories?post=88210"},{"taxonomy":"post_tag","embeddable":true,"href":"https:\/\/senoticias.com.br\/se\/wp-json\/wp\/v2\/tags?post=88210"}],"curies":[{"name":"wp","href":"https:\/\/api.w.org\/{rel}","templated":true}]}}