{"id":88205,"date":"2016-01-22T16:09:48","date_gmt":"2016-01-22T19:09:48","guid":{"rendered":"http:\/\/senoticias.com.br\/se\/?p=88205"},"modified":"2016-01-22T16:15:34","modified_gmt":"2016-01-22T19:15:34","slug":"continuam-abertas-inscricoes-para-o-prefeito-empreendedor","status":"publish","type":"post","link":"https:\/\/senoticias.com.br\/se\/continuam-abertas-inscricoes-para-o-prefeito-empreendedor\/","title":{"rendered":"Continuam abertas inscri\u00e7\u00f5es para o Prefeito Empreendedor"},"content":{"rendered":"<p style=\"text-align: justify;\">\n<p style=\"text-align: justify;\">\n<p style=\"text-align: justify;\">As inscri\u00e7\u00f5es para a IX Edi\u00e7\u00e3o do Pr\u00eamio Sebrae Prefeito Empreendedor est\u00e3o abertas e poder\u00e3o ser feitas at\u00e9 o dia 31 de janeiro. \u00c9 s\u00f3 acessar o endere\u00e7o eletr\u00f4nico\u00a0<a href=\"http:\/\/www.prefeitoempreendedor.sebrae.com.br\/\" target=\"_blank\">www.prefeitoempreendedor.<wbr \/>sebrae.com.br<\/a>\u00a0e inscrever um ou dois projetos por munic\u00edpio. O Pr\u00eamio destaca-se como um Programa Estrat\u00e9gico para a articula\u00e7\u00e3o de pol\u00edticas p\u00fablicas, em prol da melhoria do ambiente empreendedor nos munic\u00edpios brasileiros.<\/p>\n<p style=\"text-align: justify;\">Criado em 2001, o Pr\u00eamio SEBRAE Prefeito Empreendedor \u00e9 um instrumento para incentivar o desenvolvimento econ\u00f4mico dos pequenos neg\u00f3cios como prioridade na gest\u00e3o p\u00fablica, com a identifica\u00e7\u00e3o, avalia\u00e7\u00e3o, valoriza\u00e7\u00e3o e dissemina\u00e7\u00e3o de iniciativas realizadas nos munic\u00edpios brasileiros e que geraram impacto positivo para o empreendedorismo local.<\/p>\n<div id=\"attachment_88209\" style=\"width: 608px\" class=\"wp-caption aligncenter\"><a href=\"http:\/\/senoticias.com.br\/se\/wp-content\/uploads\/2016\/01\/sobral-e1453490063705.jpg\"><img loading=\"lazy\" decoding=\"async\" aria-describedby=\"caption-attachment-88209\" class=\"size-full wp-image-88209\" alt=\"Munic\u00edpios ter\u00e3o at\u00e9 o final de janeiro para participar do Pr\u00eamio, explica o superintendente do Sebrae, Emanoel Sobral. (Foto: arquivo\/Eug\u00eanio Barreto\/Seed)\" src=\"http:\/\/senoticias.com.br\/se\/wp-content\/uploads\/2016\/01\/sobral-e1453490063705.jpg\" width=\"598\" height=\"903\" \/><\/a><p id=\"caption-attachment-88209\" class=\"wp-caption-text\">Munic\u00edpios ter\u00e3o at\u00e9 o final de janeiro para participar do Pr\u00eamio, explica o superintendente do Sebrae, Emanoel Sobral. (Foto: arquivo\/Eug\u00eanio Barreto\/Seed)<\/p><\/div>\n<p style=\"text-align: justify;\">Na \u00faltima edi\u00e7\u00e3o Itabaianinha, Pedrinhas e Cristin\u00e1polis foram os munic\u00edpios vencedores da fase estadual, cada um na sua respectiva categoria. O munic\u00edpio de Itabaianinha destacou-se na categoria Novos Projetos, com o desenvolvimento da a\u00e7\u00e3o Feira Livre Mais. Pedrinhas fez bonito na categoria Pequenos Neg\u00f3cios no campo, com o projeto Incentivando a Produ\u00e7\u00e3o Rural. J\u00e1 Cristin\u00e1polis foi o vencedor na categoria Desburocratiza\u00e7\u00e3o, com o projeto Plantando Sementes para Construir Cidadania.<\/p>\n<p style=\"text-align: justify;\"><b>PSPE<\/b><\/p>\n<p style=\"text-align: justify;\">O Pr\u00eamio tem como objetivo reconhecer prefeitos municipais de todo o Brasil e administradores regionais do Distrito Federal (DF) e de Fernando de Noronha (PE), que tenham implantado projetos com resultados comprovados, ainda que parciais, de est\u00edmulo ao surgimento e desenvolvimento dos pequenos neg\u00f3cios e da moderniza\u00e7\u00e3o da gest\u00e3o p\u00fablica, contribuindo de forma efetiva para o desenvolvimento econ\u00f4mico e social do munic\u00edpio. Cada munic\u00edpio p\u00f4de inscrever at\u00e9 dois projetos, desde que em categorias diferentes.<\/p>\n<p style=\"text-align: justify;\">Para o superintendente do Sebrae, Emanoel Sobral, receber a premia\u00e7\u00e3o \u00e9 apenas um ato simb\u00f3lico. \u201cO importante \u00e9 que os projetos est\u00e3o sendo executados incentivando o desenvolvimento sustent\u00e1vel dos munic\u00edpios que participaram\u201d. Emanoel destaca ainda que os governantes precisam ficar atentos as voca\u00e7\u00f5es e as oportunidades de suas respectivas cidades, para que novos projetos participem na pr\u00f3xima edi\u00e7\u00e3o do Pr\u00eamio. \u201cNo final todos saem ganhando\u201d, alerta.<\/p>\n<p style=\"text-align: justify;\"><b>Categorias<\/b><\/p>\n<p style=\"text-align: justify;\">As oito categorias do PSPE s\u00e3o: Melhor Projeto; Implementa\u00e7\u00e3o e Institucionaliza\u00e7\u00e3o da Lei geral; Compras Governamentais e Pequenos neg\u00f3cios; Desburocratiza\u00e7\u00e3o e Formaliza\u00e7\u00e3o; Pequenos Neg\u00f3cios no Campo; Inova\u00e7\u00e3o e Sustentabilidade; Munic\u00edpios Integrantes do G100 (com mais de 80 mil habitantes, baixa renda per capita e alta vulnerabilidade socioecon\u00f4mica); e Inclus\u00e3o Produtiva com Seguran\u00e7a Sanit\u00e1ria.<\/p>\n<p style=\"text-align: justify;\">O pr\u00eamio obedece a um regulamento dispon\u00edvel no site\u00a0<a href=\"http:\/\/www.prefeitoempreendedor.sebrae.com.br\/\" target=\"_blank\">www.prefeitoempreendedor.<wbr \/>sebrae.com.br<\/a>\u00a0. Informa\u00e7\u00f5es com o gerente do SEBRAE Sergipe, Adeilson Gra\u00e7a Leite, telefone (79) 2106-7754 e<a href=\"mailto:adeilson.leite@se.sebrae.com.br\" target=\"_blank\">adeilson.leite@se.sebrae.com.<wbr \/>br<\/a><\/p>\n<p style=\"text-align: justify;\"><strong>Acompanhe o SENot\u00edcias no\u00a0<a href=\"https:\/\/twitter.com\/Senoticias\" target=\"_blank\">Twitter<\/a>\u00a0e no\u00a0<a href=\"https:\/\/www.facebook.com\/senoticias1\" target=\"_blank\">Facebook<\/a><\/strong><\/p>\n<p style=\"text-align: justify;\"><em>Ascom\/Sebrae\/SE<\/em><\/p>\n","protected":false},"excerpt":{"rendered":"<p>As inscri\u00e7\u00f5es para a IX Edi\u00e7\u00e3o do Pr\u00eamio Sebrae Prefeito Empreendedor est\u00e3o abertas e poder\u00e3o ser feitas at\u00e9 o dia 31 de janeiro. \u00c9 s\u00f3 acessar o endere\u00e7o eletr\u00f4nico\u00a0www.prefeitoempreendedor.sebrae.com.br\u00a0e inscrever um ou dois projetos por munic\u00edpio. O Pr\u00eamio destaca-se como um Programa Estrat\u00e9gico para a articula\u00e7\u00e3o de pol\u00edticas p\u00fablicas, em prol da melhoria do ambiente [&hellip;]<\/p>\n","protected":false},"author":1,"featured_media":88209,"comment_status":"closed","ping_status":"closed","sticky":false,"template":"","format":"standard","meta":{"footnotes":""},"categories":[38,1],"tags":[],"class_list":{"0":"post-88205","1":"post","2":"type-post","3":"status-publish","4":"format-standard","5":"has-post-thumbnail","7":"category-municipios","8":"category-sem-categoria"},"_links":{"self":[{"href":"https:\/\/senoticias.com.br\/se\/wp-json\/wp\/v2\/posts\/88205"}],"collection":[{"href":"https:\/\/senoticias.com.br\/se\/wp-json\/wp\/v2\/posts"}],"about":[{"href":"https:\/\/senoticias.com.br\/se\/wp-json\/wp\/v2\/types\/post"}],"author":[{"embeddable":true,"href":"https:\/\/senoticias.com.br\/se\/wp-json\/wp\/v2\/users\/1"}],"replies":[{"embeddable":true,"href":"https:\/\/senoticias.com.br\/se\/wp-json\/wp\/v2\/comments?post=88205"}],"version-history":[{"count":0,"href":"https:\/\/senoticias.com.br\/se\/wp-json\/wp\/v2\/posts\/88205\/revisions"}],"wp:featuredmedia":[{"embeddable":true,"href":"https:\/\/senoticias.com.br\/se\/wp-json\/wp\/v2\/media\/88209"}],"wp:attachment":[{"href":"https:\/\/senoticias.com.br\/se\/wp-json\/wp\/v2\/media?parent=88205"}],"wp:term":[{"taxonomy":"category","embeddable":true,"href":"https:\/\/senoticias.com.br\/se\/wp-json\/wp\/v2\/categories?post=88205"},{"taxonomy":"post_tag","embeddable":true,"href":"https:\/\/senoticias.com.br\/se\/wp-json\/wp\/v2\/tags?post=88205"}],"curies":[{"name":"wp","href":"https:\/\/api.w.org\/{rel}","templated":true}]}}