{"id":88203,"date":"2016-01-22T15:46:44","date_gmt":"2016-01-22T18:46:44","guid":{"rendered":"http:\/\/senoticias.com.br\/se\/?p=88203"},"modified":"2016-01-22T15:48:04","modified_gmt":"2016-01-22T18:48:04","slug":"homem-morre-apos-colisao-entre-carreta-e-motoneta-em-aracaju","status":"publish","type":"post","link":"https:\/\/senoticias.com.br\/se\/homem-morre-apos-colisao-entre-carreta-e-motoneta-em-aracaju\/","title":{"rendered":"Homem morre ap\u00f3s colis\u00e3o entre carreta e motoneta em Aracaju"},"content":{"rendered":"<p style=\"text-align: justify;\"><strong>por<a href=\"http:\/\/g1.globo.com\/se\/sergipe\/noticia\/2016\/01\/homem-morre-apos-carreta-colidir-com-moto-em-aracaju.html\" target=\"_blank\"> G1<\/a> SE<\/strong><\/p>\n<p style=\"text-align: justify;\">No final da manh\u00e3 desta sexta-feira (22), um homem morreu ap\u00f3s uma carreta colidir com a moto em que ele estava, nas proximidades dos Bairros Jardins e In\u00e1cio Barbosa, em Aracaju.<\/p>\n<div id=\"attachment_88204\" style=\"width: 608px\" class=\"wp-caption aligncenter\"><a href=\"http:\/\/senoticias.com.br\/se\/wp-content\/uploads\/2016\/01\/AkHRZryeaMbfCwnqu1yLUFmwlYNKCNuRgqtQLvvbxIWq-e1453488298364.jpg\"><img loading=\"lazy\" decoding=\"async\" aria-describedby=\"caption-attachment-88204\" class=\"size-full wp-image-88204\" alt=\"Ele chegou a ser socorrido, mas n\u00e3o resistiu.(Foto: WhatSapp\/SENot\u00edcias)\" src=\"http:\/\/senoticias.com.br\/se\/wp-content\/uploads\/2016\/01\/AkHRZryeaMbfCwnqu1yLUFmwlYNKCNuRgqtQLvvbxIWq-e1453488298364.jpg\" width=\"598\" height=\"361\" \/><\/a><p id=\"caption-attachment-88204\" class=\"wp-caption-text\">Ele chegou a ser socorrido, mas n\u00e3o resistiu. (Foto: WhatSapp\/SENot\u00edcias)<\/p><\/div>\n<p>Segundo a Superintend\u00eancia Municipal de Transportes e Tr\u00e2nsito (SMTT), o motorista da carreta fugiu no local sem prestar socorro.<\/p>\n<p>O Servi\u00e7o M\u00f3vel de Urg\u00eancia (Samu) foi acionado e prestou os primeiros socorros, mas a v\u00edtima n\u00e3o resistiu.<\/p>\n<p style=\"text-align: justify;\"><strong><strong><em>Acompanhe o SE Not\u00edcias no\u00a0<a href=\"https:\/\/twitter.com\/Senoticias\" target=\"_blank\">Twitter<\/a>,\u00a0<a href=\"https:\/\/www.instagram.com\/senoticias\/\" target=\"_blank\">Instagram<\/a>\u00a0e no\u00a0<a href=\"https:\/\/www.facebook.com\/senoticias1\" target=\"_blank\">Facebook<\/a><\/em><\/strong><\/strong><\/p>\n","protected":false},"excerpt":{"rendered":"<p>por G1 SE No final da manh\u00e3 desta sexta-feira (22), um homem morreu ap\u00f3s uma carreta colidir com a moto em que ele estava, nas proximidades dos Bairros Jardins e In\u00e1cio Barbosa, em Aracaju. Segundo a Superintend\u00eancia Municipal de Transportes e Tr\u00e2nsito (SMTT), o motorista da carreta fugiu no local sem prestar socorro. O Servi\u00e7o [&hellip;]<\/p>\n","protected":false},"author":1,"featured_media":88204,"comment_status":"closed","ping_status":"closed","sticky":false,"template":"","format":"standard","meta":{"footnotes":""},"categories":[15],"tags":[],"class_list":{"0":"post-88203","1":"post","2":"type-post","3":"status-publish","4":"format-standard","5":"has-post-thumbnail","7":"category-destaques"},"_links":{"self":[{"href":"https:\/\/senoticias.com.br\/se\/wp-json\/wp\/v2\/posts\/88203"}],"collection":[{"href":"https:\/\/senoticias.com.br\/se\/wp-json\/wp\/v2\/posts"}],"about":[{"href":"https:\/\/senoticias.com.br\/se\/wp-json\/wp\/v2\/types\/post"}],"author":[{"embeddable":true,"href":"https:\/\/senoticias.com.br\/se\/wp-json\/wp\/v2\/users\/1"}],"replies":[{"embeddable":true,"href":"https:\/\/senoticias.com.br\/se\/wp-json\/wp\/v2\/comments?post=88203"}],"version-history":[{"count":0,"href":"https:\/\/senoticias.com.br\/se\/wp-json\/wp\/v2\/posts\/88203\/revisions"}],"wp:featuredmedia":[{"embeddable":true,"href":"https:\/\/senoticias.com.br\/se\/wp-json\/wp\/v2\/media\/88204"}],"wp:attachment":[{"href":"https:\/\/senoticias.com.br\/se\/wp-json\/wp\/v2\/media?parent=88203"}],"wp:term":[{"taxonomy":"category","embeddable":true,"href":"https:\/\/senoticias.com.br\/se\/wp-json\/wp\/v2\/categories?post=88203"},{"taxonomy":"post_tag","embeddable":true,"href":"https:\/\/senoticias.com.br\/se\/wp-json\/wp\/v2\/tags?post=88203"}],"curies":[{"name":"wp","href":"https:\/\/api.w.org\/{rel}","templated":true}]}}