{"id":88198,"date":"2016-01-22T11:12:32","date_gmt":"2016-01-22T14:12:32","guid":{"rendered":"http:\/\/senoticias.com.br\/se\/?p=88198"},"modified":"2016-01-25T07:51:44","modified_gmt":"2016-01-25T10:51:44","slug":"policia-federal-prende-suspeitos-de-trafico-de-drogas-em-umbauba","status":"publish","type":"post","link":"https:\/\/senoticias.com.br\/se\/policia-federal-prende-suspeitos-de-trafico-de-drogas-em-umbauba\/","title":{"rendered":"Pol\u00edcia Federal prende suspeitos de tr\u00e1fico de drogas em Umba\u00faba"},"content":{"rendered":"<p>&nbsp;<\/p>\n<p style=\"text-align: justify;\">Na madrugada de ontem, 21, policiais federais realizaram na cidade de Umba\u00faba\/SE a pris\u00e3o de dois traficantes que atuavam no interior do estado. Com a dupla, foram apreendidos 61 kg de maconha e um autom\u00f3vel PARATI com placas de Itabaianinha.<\/p>\n<div id=\"attachment_88199\" style=\"width: 608px\" class=\"wp-caption aligncenter\"><a href=\"http:\/\/senoticias.com.br\/se\/wp-content\/uploads\/2016\/01\/IMG-20150915-WA0011-e1453471891875.jpg\"><img loading=\"lazy\" decoding=\"async\" aria-describedby=\"caption-attachment-88199\" class=\"size-full wp-image-88199\" alt=\"Pol\u00edcia prende suspeitos de tr\u00e1fico de drogas em Umba\u00faba. (Foto: Pol\u00edcia Federal)\" src=\"http:\/\/senoticias.com.br\/se\/wp-content\/uploads\/2016\/01\/IMG-20150915-WA0011-e1453471891875.jpg\" width=\"598\" height=\"797\" \/><\/a><p id=\"caption-attachment-88199\" class=\"wp-caption-text\">Pol\u00edcia prende suspeitos de tr\u00e1fico de drogas em Umba\u00faba. (Foto: Pol\u00edcia Federal)<\/p><\/div>\n<p style=\"text-align: justify;\">Os indiv\u00edduos JAIRO SANTANA SANTOS, 29 anos, natural da cidade de ARAU\u00c1\/SE, e BRUNO NASCIMENTO VILANOVA, 21 anos, natural de ITABAIANINHA\/SE, eram respons\u00e1veis por distribuir entorpecentes em cidades do Interior do Estado, principalmente nas cidades de Itabaianinha, Tobias Barreto e Lagarto.<\/p>\n<p style=\"text-align: justify;\">Os presos foram indiciados nos termos dos artigos 33, 35 e 40 V da Lei 11.343\/206, e permanecem \u00e0 disposi\u00e7\u00e3o do Ju\u00edzo da Comarca de Umba\u00faba\/SE.<\/p>\n<p style=\"text-align: justify;\"><strong>Acompanhe o SENot\u00edcias no\u00a0<a href=\"https:\/\/twitter.com\/Senoticias\" target=\"_blank\">Twitter<\/a>\u00a0e no\u00a0<a href=\"https:\/\/www.facebook.com\/senoticias1\" target=\"_blank\">Facebook<\/a><\/strong><\/p>\n<p style=\"text-align: justify;\">Informa\u00e7\u00f5es da Ascom\/PF\/SE<\/p>\n","protected":false},"excerpt":{"rendered":"<p>&nbsp; Na madrugada de ontem, 21, policiais federais realizaram na cidade de Umba\u00faba\/SE a pris\u00e3o de dois traficantes que atuavam no interior do estado. Com a dupla, foram apreendidos 61 kg de maconha e um autom\u00f3vel PARATI com placas de Itabaianinha. Os indiv\u00edduos JAIRO SANTANA SANTOS, 29 anos, natural da cidade de ARAU\u00c1\/SE, e BRUNO [&hellip;]<\/p>\n","protected":false},"author":1,"featured_media":88199,"comment_status":"closed","ping_status":"closed","sticky":false,"template":"","format":"standard","meta":{"footnotes":""},"categories":[7],"tags":[],"class_list":{"0":"post-88198","1":"post","2":"type-post","3":"status-publish","4":"format-standard","5":"has-post-thumbnail","7":"category-policia"},"_links":{"self":[{"href":"https:\/\/senoticias.com.br\/se\/wp-json\/wp\/v2\/posts\/88198"}],"collection":[{"href":"https:\/\/senoticias.com.br\/se\/wp-json\/wp\/v2\/posts"}],"about":[{"href":"https:\/\/senoticias.com.br\/se\/wp-json\/wp\/v2\/types\/post"}],"author":[{"embeddable":true,"href":"https:\/\/senoticias.com.br\/se\/wp-json\/wp\/v2\/users\/1"}],"replies":[{"embeddable":true,"href":"https:\/\/senoticias.com.br\/se\/wp-json\/wp\/v2\/comments?post=88198"}],"version-history":[{"count":0,"href":"https:\/\/senoticias.com.br\/se\/wp-json\/wp\/v2\/posts\/88198\/revisions"}],"wp:featuredmedia":[{"embeddable":true,"href":"https:\/\/senoticias.com.br\/se\/wp-json\/wp\/v2\/media\/88199"}],"wp:attachment":[{"href":"https:\/\/senoticias.com.br\/se\/wp-json\/wp\/v2\/media?parent=88198"}],"wp:term":[{"taxonomy":"category","embeddable":true,"href":"https:\/\/senoticias.com.br\/se\/wp-json\/wp\/v2\/categories?post=88198"},{"taxonomy":"post_tag","embeddable":true,"href":"https:\/\/senoticias.com.br\/se\/wp-json\/wp\/v2\/tags?post=88198"}],"curies":[{"name":"wp","href":"https:\/\/api.w.org\/{rel}","templated":true}]}}