{"id":87757,"date":"2016-01-09T12:14:28","date_gmt":"2016-01-09T15:14:28","guid":{"rendered":"http:\/\/senoticias.com.br\/se\/?p=87757"},"modified":"2016-01-11T06:13:12","modified_gmt":"2016-01-11T09:13:12","slug":"prefeita-de-itaporanga-empossa-novos-conselheiros-tutelares","status":"publish","type":"post","link":"https:\/\/senoticias.com.br\/se\/prefeita-de-itaporanga-empossa-novos-conselheiros-tutelares\/","title":{"rendered":"Prefeita de Itaporanga empossa novos Conselheiros Tutelares"},"content":{"rendered":"<p style=\"text-align: justify;\">A Prefeitura de Itaporanga, atrav\u00e9s da Secretaria de A\u00e7\u00e3o Social e Trabalho, realizou solenidade de posse dos conselheiros tutelares de Itaporanga D\u2019ajuda na noite da \u00faltima sexta-feira (08), no Plen\u00e1rio da C\u00e2mara de Vereadores.<\/p>\n<div id=\"attachment_87760\" style=\"width: 608px\" class=\"wp-caption aligncenter\"><a href=\"http:\/\/senoticias.com.br\/se\/wp-content\/uploads\/2016\/01\/IMG_0392-e1452355341742.jpg\"><img loading=\"lazy\" decoding=\"async\" aria-describedby=\"caption-attachment-87760\" class=\"size-full wp-image-87760\" alt=\"A prefeita Maria das Gra\u00e7as (Gracinha) participou na noite de ontem (8) da posse dos novos Conselheiros Tutelares.\" src=\"http:\/\/senoticias.com.br\/se\/wp-content\/uploads\/2016\/01\/IMG_0392-e1452355341742.jpg\" width=\"598\" height=\"399\" \/><\/a><p id=\"caption-attachment-87760\" class=\"wp-caption-text\">A prefeita Maria das Gra\u00e7as (Gracinha) participou na noite de ontem (8) da posse dos novos Conselheiros Tutelares.<\/p><\/div>\n<p style=\"text-align: justify;\">Os 5 empossados foram eleitos em outubro do ano passado e atuar\u00e3o durante o quadri\u00eanio 2016-2019.\u00a0De acordo com os dados do Conselho Municipal da Crian\u00e7a e do Adolescente (CMDCA), o processo contou com a inscri\u00e7\u00e3o de 31 pr\u00e9-candidatos que, ap\u00f3s submetidos \u00e0 prova objetiva, habilitaram-se 23 pessoas para concorrer ao voto popular, sendo eleitos cinco conselheiros, com apenas uma reelei\u00e7\u00e3o, e cinco suplentes. Os cinco titulares empossados s\u00e3o: Denilsa Santos de Jesus, Jucileide Alves dos Santos de Santana, Ant\u00f4nio Silveira Oliveira Santana Santos, Jorge Luis Luduvice e Luciana de Jesus Viana.<\/p>\n<p style=\"text-align: justify;\">Abrindo o ciclo de falas, a presidente da comiss\u00e3o eleitoral, Jane Alves, afirmou que \u201co processo teve toda a estrutura fornecida pela Prefeitura de Itaporanga, com o apoio n\u00e3o s\u00f3 da Secretaria de A\u00e7\u00e3o Social, mas um conjunto de todas. O trabalho de conselheiro n\u00e3o \u00e9 f\u00e1cil, mas o com uma equipe dedicada e unida tudo \u00e9 poss\u00edvel\u201d.<\/p>\n<p style=\"text-align: justify;\">Em suas palavras, os conselheiros expressaram mensagens de agradecimento e vontade de fazer parte da mudan\u00e7a dos caminhos das crian\u00e7as e adolescentes, contribuindo para um futuro promissor atrav\u00e9s da uni\u00e3o de todos.<\/p>\n<p style=\"text-align: justify;\">A conselheira Jucileide Santana expressou em seu discurso que todos os 430 votos recebidos valer\u00e3o a pena. \u201cJ\u00e1 fui conselheira anteriormente e quero continuar ajudando e aprendendo com o papel que desenvolvo em equipe. A uni\u00e3o faz a for\u00e7a!\u201d, disse a conselheira.<br \/>\nPela primeira vez no cargo, mas com lembran\u00e7as do desejo de desempenhar a fun\u00e7\u00e3o, o conselheiro Jorge Lu\u00eds Luduvice exp\u00f4s que \u201ch\u00e1 muitos anos que eu quero ser conselheiro. Agora foi o momento oportuno e irei trabalhar com muita garra, pois sei dos anseios da popula\u00e7\u00e3o e das crian\u00e7as e adolescentes. Ser\u00e1 um trabalho pensando na fam\u00edlia\u201d.<\/p>\n<p style=\"text-align: justify;\">Em seguida, foi a vez dos vereadores discursarem. Na fala do vereador Marcelo Anchieta, houve a conota\u00e7\u00e3o de valores importantes para o trabalho dos empossados. \u201cOs conselheiros s\u00e3o a ponte entre a fam\u00edlia e o Minist\u00e9rio P\u00fablico. \u00c9 um trabalho delicado, j\u00e1 que eles n\u00e3o s\u00e3o pais das crian\u00e7as e adolescente, mas desempenham o papel de guia para os mesmos. Tem de lidar com drogas, abusos, entre outros problemas que necessitam da base familiar\u201d, ressaltou o vereador.<\/p>\n<p style=\"text-align: justify;\">O presidente da C\u00e2mara de Vereadores, Renatinho de Z\u00e9 de Lili, tamb\u00e9m acredita que a uni\u00e3o de equipe atrav\u00e9s da organiza\u00e7\u00e3o de um conselho faz toda a diferen\u00e7a, principalmente quando \u00f3rg\u00e3os como a prefeitura d\u00e1 o apoio nessa jornada. \u201cParabenizo a prefeita Gracinha, pois apenas tr\u00eas prefeitos sergipanos enviaram t\u00e9cnicos do conselho para Bras\u00edlia para uma melhor prepara\u00e7\u00e3o. Isso mostra o empenho da gestora. Como cidad\u00e3o, sei que a uni\u00e3o de todos transformar\u00e1 as crian\u00e7as. \u00c9 um papel da C\u00e2mara, da Prefeitura, dos conselheiros e da comunidade\u201d, finalizou Renatinho.<\/p>\n<p style=\"text-align: justify;\">Encerrando o ciclo de discursos antes da entrega de certificados para os conselheiros e ex-conselheiros que encerraram o ciclo anterior, a prefeita Gracinha agradeceu a presen\u00e7a de todos e parabenizou a equipe do conselho e Secretaria de A\u00e7\u00e3o Social pela organiza\u00e7\u00e3o. \u201cN\u00e3o houve nenhum problema na elei\u00e7\u00e3o, tudo ocorreu dentro da lei.<\/p>\n<p style=\"text-align: justify;\">Os ex-conselheiros desempenharam trabalhos excepcionais para a sociedade, dia e noite resolvendo problemas graves na rua ou no ambiente familiar. Sei que os novos honrar\u00e3o os votos selados essa noite. Desejo um quadri\u00eanio de muitas mudan\u00e7as em Itaporanga\u201d, encerrou a prefeita.<\/p>\n<p style=\"text-align: justify;\"><strong>Prest\u00edgio<\/strong><\/p>\n<p style=\"text-align: justify;\">Apesar de ser uma sexta-feira, centenas de pessoas compareceram ao evento. Al\u00e9m da popula\u00e7\u00e3o, v\u00e1rias autoridades municipais estiveram acompanhando o ato de posse dos novos conselheiros, entre elas, o presidente da C\u00e2mara Municipal, Renatinho de Z\u00e9 de Lili, e os vereadores Marcelo Anchieta, Tonho de Luquinha, professor Humberto, Ot\u00e1vio Sobral e Jess\u00e9 Oliveira.<\/p>\n<p style=\"text-align: justify;\"><strong>Clique <a href=\"https:\/\/www.facebook.com\/pmitaporanga\/\" target=\"_blank\">AQUI <\/a>e confira a galeria de fotos<\/strong><\/p>\n<p style=\"text-align: justify;\">Tamb\u00e9m estiveram presentes os secret\u00e1rios Francinaldo Alves (Esportes e Juventude), Mirela Cort\u00eas (Assist\u00eancia social e Trabalho), Doralice Alfano (Educa\u00e7\u00e3o), Thiago Luduvice (Governo)\u00a0e Elma Regina (coordenadora social). Tamb\u00e9m prestigiaram a posse\u00a0presidente do CMDCA, Carlos Diego Andrade; \u00a0a presidente da Comiss\u00e3o Eleitoral, Jane Alves; \u00a0os conselheiros que concluiriam o mandato: Ivan Ara\u00fajo, Maritania Soares, Ana Meire Luduvice e Sandra Santana.<\/p>\n<p style=\"text-align: justify;\"><strong>Siga o SE Not\u00edcias pelo<a href=\"https:\/\/twitter.com\/Senoticias\" target=\"_blank\">\u00a0Twitter\u00a0<\/a>e curta no<a href=\"https:\/\/www.facebook.com\/PortalSENoticias\" target=\"_blank\">\u00a0Facebook<\/a><\/strong><\/p>\n<p style=\"text-align: justify;\"><em><strong>Com informa\u00e7\u00f5es da Ascom\/Itaporanga<\/strong><\/em><\/p>\n","protected":false},"excerpt":{"rendered":"<p>A Prefeitura de Itaporanga, atrav\u00e9s da Secretaria de A\u00e7\u00e3o Social e Trabalho, realizou solenidade de posse dos conselheiros tutelares de Itaporanga D\u2019ajuda na noite da \u00faltima sexta-feira (08), no Plen\u00e1rio da C\u00e2mara de Vereadores. Os 5 empossados foram eleitos em outubro do ano passado e atuar\u00e3o durante o quadri\u00eanio 2016-2019.\u00a0De acordo com os dados do [&hellip;]<\/p>\n","protected":false},"author":1,"featured_media":87760,"comment_status":"closed","ping_status":"closed","sticky":false,"template":"","format":"standard","meta":{"footnotes":""},"categories":[38,6,1],"tags":[],"class_list":{"0":"post-87757","1":"post","2":"type-post","3":"status-publish","4":"format-standard","5":"has-post-thumbnail","7":"category-municipios","8":"category-politica","9":"category-sem-categoria"},"_links":{"self":[{"href":"https:\/\/senoticias.com.br\/se\/wp-json\/wp\/v2\/posts\/87757"}],"collection":[{"href":"https:\/\/senoticias.com.br\/se\/wp-json\/wp\/v2\/posts"}],"about":[{"href":"https:\/\/senoticias.com.br\/se\/wp-json\/wp\/v2\/types\/post"}],"author":[{"embeddable":true,"href":"https:\/\/senoticias.com.br\/se\/wp-json\/wp\/v2\/users\/1"}],"replies":[{"embeddable":true,"href":"https:\/\/senoticias.com.br\/se\/wp-json\/wp\/v2\/comments?post=87757"}],"version-history":[{"count":0,"href":"https:\/\/senoticias.com.br\/se\/wp-json\/wp\/v2\/posts\/87757\/revisions"}],"wp:featuredmedia":[{"embeddable":true,"href":"https:\/\/senoticias.com.br\/se\/wp-json\/wp\/v2\/media\/87760"}],"wp:attachment":[{"href":"https:\/\/senoticias.com.br\/se\/wp-json\/wp\/v2\/media?parent=87757"}],"wp:term":[{"taxonomy":"category","embeddable":true,"href":"https:\/\/senoticias.com.br\/se\/wp-json\/wp\/v2\/categories?post=87757"},{"taxonomy":"post_tag","embeddable":true,"href":"https:\/\/senoticias.com.br\/se\/wp-json\/wp\/v2\/tags?post=87757"}],"curies":[{"name":"wp","href":"https:\/\/api.w.org\/{rel}","templated":true}]}}