{"id":87754,"date":"2016-01-09T07:30:33","date_gmt":"2016-01-09T10:30:33","guid":{"rendered":"http:\/\/senoticias.com.br\/se\/?p=87754"},"modified":"2016-01-09T07:32:01","modified_gmt":"2016-01-09T10:32:01","slug":"cezario-siqueira-deixa-a-presidencia-do-tre","status":"publish","type":"post","link":"https:\/\/senoticias.com.br\/se\/cezario-siqueira-deixa-a-presidencia-do-tre\/","title":{"rendered":"Cez\u00e1rio Siqueira deixa a Presid\u00eancia do TRE"},"content":{"rendered":"<div id=\"attachment_75804\" style=\"width: 285px\" class=\"wp-caption alignright\"><a href=\"http:\/\/senoticias.com.br\/se\/wp-content\/uploads\/2015\/02\/cezario.jpg\"><img loading=\"lazy\" decoding=\"async\" aria-describedby=\"caption-attachment-75804\" class=\"size-full wp-image-75804\" alt=\"Cez\u00e1rio deixa a Presid\u00eancia do TRE (Foto: TJSE)\" src=\"http:\/\/senoticias.com.br\/se\/wp-content\/uploads\/2015\/02\/cezario.jpg\" width=\"275\" height=\"283\" srcset=\"https:\/\/senoticias.com.br\/se\/wp-content\/uploads\/2015\/02\/cezario.jpg 275w, https:\/\/senoticias.com.br\/se\/wp-content\/uploads\/2015\/02\/cezario-50x50.jpg 50w\" sizes=\"(max-width: 275px) 100vw, 275px\" \/><\/a><p id=\"caption-attachment-75804\" class=\"wp-caption-text\">Cez\u00e1rio deixa a Presid\u00eancia do TRE (Foto: TJSE)<\/p><\/div>\n<p style=\"text-align: justify;\">Ao final da Sess\u00e3o Plen\u00e1ria ocorrida na manh\u00e3 desta sexta-feira, 08, o Desembargador Cez\u00e1rio Siqueira Neto completou o seu bi\u00eanio e se despediu da presid\u00eancia do Tribunal Regional Eleitoral de Sergipe.<\/p>\n<p style=\"text-align: justify;\">Na pr\u00f3xima quinta-feira, 14, acontecer\u00e1 a solenidade de posse dos\u00a0novos\u00a0dirigentes Desembargadores Os\u00f3rio de Ara\u00fajo Ramos Filho e Edson Ulisses de Melo, \u00e0s 17 horas, no Plen\u00e1rio do Tribunal Regional Eleitoral de Sergipe.<\/p>\n<p style=\"text-align: justify;\">Todos os Ju\u00edzes Membros presentes \u00e0 Sess\u00e3o e o Procurador Regional Eleitoral se despediram do Des. Cez\u00e1rio Siqueira Neto com homenagens.<\/p>\n<p style=\"text-align: justify;\">O\u00a0primeiro\u00a0a prestar sua homenagem foi o Des. Os\u00f3rio que inicialmente saudou todos os presentes e recitou um poema. Ele tamb\u00e9m manifestou sua homenagem em nome de todos os servidores e entregou ao Des. Cez\u00e1rio uma placa em agradecimento pelo seu trabalho durante o Bi\u00eanio 2014-2015.<\/p>\n<p style=\"text-align: justify;\">Em seguida, os demais membros da Corte tamb\u00e9m renderam votos de homenagem. Assim, Dr. Jos\u00e9 Alcides Vasconcelos Filho, Dr. Fernando Escrivani Stefaniu, Dra. Gard\u00eania Carmelo Prado, Dr. Francisco Alves J\u00fanior, Dr. Jos\u00e9 R\u00f4mulo Silva Almeida pronunciaram-se a respeito da ocasi\u00e3o e da gest\u00e3o conclu\u00edda.<\/p>\n<p style=\"text-align: justify;\">Ap\u00f3s o final da sess\u00e3o, todos seguiram para o Espa\u00e7o Gourmet, no qual\u00a0foram\u00a0veiculadas as fotos dos principais momentos da gest\u00e3o do Presidente Cez\u00e1rio Siqueira Neto. O Secret\u00e1rio Judici\u00e1rio, Marcus Vin\u00edcius Linhares, prestou sua homenagem em nome dos servidores do TRE\/SE. Emocionado, falou de sua admira\u00e7\u00e3o pelo profissional s\u00e9rio e simples e do modelo a ser seguido.<\/p>\n<p style=\"text-align: justify;\">Em seguida, Des. Cez\u00e1rio formulou votos de agradecimento, desejando um feliz ano\u00a0novo\u00a0a todos.<\/p>\n<p style=\"text-align: justify;\">O Chefe de Gabinete do TRE, Marcelo Gerard, pediu a palavra para homenagear o Diretor-Geral, Pedro Vieira, destacando-lhe caracter\u00edsticas como a cordialidade, ou seja, trata-se se de algu\u00e9m que age n\u00e3o apenaz com a raz\u00e3o, mas tamb\u00e9m com o cora\u00e7\u00e3o.<\/p>\n<p style=\"text-align: justify;\">Pedro Vieira se despediu, fazendo consignar que sairia mais rico com o conhecimento adquirido durante todo o per\u00edodo em que atuou como Diretor geral, e em seguida agradeceu o apoio da sua fam\u00edlia e dos colegas de trabalho como Marcelo Gerard e M\u00e1rcia, al\u00e9m de todos do Tribunal. Disse ainda que o TRE-SE \u00e9 um \u00f3rg\u00e3o organizado, com excelentes servidores e que se sente extremamente realizado.<\/p>\n<p style=\"text-align: justify;\"><strong>Acompanhe o SE Not\u00edcias no\u00a0<a href=\"https:\/\/twitter.com\/\" target=\"_blank\">Twitter<\/a>\u00a0e no\u00a0<a href=\"https:\/\/www.facebook.com\/senoticias1\" target=\"_blank\">Facebook<\/a><\/strong><\/p>\n<p><strong><em>Ascom\/TRE\/SE<\/em><\/strong><\/p>\n","protected":false},"excerpt":{"rendered":"<p>Ao final da Sess\u00e3o Plen\u00e1ria ocorrida na manh\u00e3 desta sexta-feira, 08, o Desembargador Cez\u00e1rio Siqueira Neto completou o seu bi\u00eanio e se despediu da presid\u00eancia do Tribunal Regional Eleitoral de Sergipe. Na pr\u00f3xima quinta-feira, 14, acontecer\u00e1 a solenidade de posse dos\u00a0novos\u00a0dirigentes Desembargadores Os\u00f3rio de Ara\u00fajo Ramos Filho e Edson Ulisses de Melo, \u00e0s 17 horas, [&hellip;]<\/p>\n","protected":false},"author":1,"featured_media":75804,"comment_status":"closed","ping_status":"closed","sticky":false,"template":"","format":"standard","meta":{"footnotes":""},"categories":[6,1],"tags":[],"class_list":{"0":"post-87754","1":"post","2":"type-post","3":"status-publish","4":"format-standard","5":"has-post-thumbnail","7":"category-politica","8":"category-sem-categoria"},"_links":{"self":[{"href":"https:\/\/senoticias.com.br\/se\/wp-json\/wp\/v2\/posts\/87754"}],"collection":[{"href":"https:\/\/senoticias.com.br\/se\/wp-json\/wp\/v2\/posts"}],"about":[{"href":"https:\/\/senoticias.com.br\/se\/wp-json\/wp\/v2\/types\/post"}],"author":[{"embeddable":true,"href":"https:\/\/senoticias.com.br\/se\/wp-json\/wp\/v2\/users\/1"}],"replies":[{"embeddable":true,"href":"https:\/\/senoticias.com.br\/se\/wp-json\/wp\/v2\/comments?post=87754"}],"version-history":[{"count":0,"href":"https:\/\/senoticias.com.br\/se\/wp-json\/wp\/v2\/posts\/87754\/revisions"}],"wp:featuredmedia":[{"embeddable":true,"href":"https:\/\/senoticias.com.br\/se\/wp-json\/wp\/v2\/media\/75804"}],"wp:attachment":[{"href":"https:\/\/senoticias.com.br\/se\/wp-json\/wp\/v2\/media?parent=87754"}],"wp:term":[{"taxonomy":"category","embeddable":true,"href":"https:\/\/senoticias.com.br\/se\/wp-json\/wp\/v2\/categories?post=87754"},{"taxonomy":"post_tag","embeddable":true,"href":"https:\/\/senoticias.com.br\/se\/wp-json\/wp\/v2\/tags?post=87754"}],"curies":[{"name":"wp","href":"https:\/\/api.w.org\/{rel}","templated":true}]}}