{"id":87751,"date":"2016-01-09T07:18:06","date_gmt":"2016-01-09T10:18:06","guid":{"rendered":"http:\/\/senoticias.com.br\/se\/?p=87751"},"modified":"2016-01-11T09:49:27","modified_gmt":"2016-01-11T12:49:27","slug":"memorial-de-frei-miguel-e-inaugurado-no-convento-dos-frades-capuchinhos-em-aracaju","status":"publish","type":"post","link":"https:\/\/senoticias.com.br\/se\/memorial-de-frei-miguel-e-inaugurado-no-convento-dos-frades-capuchinhos-em-aracaju\/","title":{"rendered":"Memorial de Frei Miguel \u00e9 inaugurado no Convento dos Frades Capuchinhos em Aracaju"},"content":{"rendered":"<div id=\"attachment_87753\" style=\"width: 410px\" class=\"wp-caption alignright\"><a href=\"http:\/\/senoticias.com.br\/se\/wp-content\/uploads\/2016\/01\/frei.jpg\"><img loading=\"lazy\" decoding=\"async\" aria-describedby=\"caption-attachment-87753\" class=\"size-full wp-image-87753\" alt=\"\u201cUma autoridade na humildade. Um servidor, seguidor de S\u00e3o Francisco\u201d Frei Gleizer Campinho. Foto: Edmilson Brito) \" src=\"http:\/\/senoticias.com.br\/se\/wp-content\/uploads\/2016\/01\/frei.jpg\" width=\"400\" height=\"300\" srcset=\"https:\/\/senoticias.com.br\/se\/wp-content\/uploads\/2016\/01\/frei.jpg 400w, https:\/\/senoticias.com.br\/se\/wp-content\/uploads\/2016\/01\/frei-300x225.jpg 300w, https:\/\/senoticias.com.br\/se\/wp-content\/uploads\/2016\/01\/frei-342x256.jpg 342w, https:\/\/senoticias.com.br\/se\/wp-content\/uploads\/2016\/01\/frei-60x45.jpg 60w, https:\/\/senoticias.com.br\/se\/wp-content\/uploads\/2016\/01\/frei-150x113.jpg 150w, https:\/\/senoticias.com.br\/se\/wp-content\/uploads\/2016\/01\/frei-269x201.jpg 269w\" sizes=\"(max-width: 400px) 100vw, 400px\" \/><\/a><p id=\"caption-attachment-87753\" class=\"wp-caption-text\">\u201cUma autoridade na humildade. Um servidor, seguidor de S\u00e3o Francisco\u201d Frei Gleizer Campinho. Foto: Edmilson Brito)<\/p><\/div>\n<p style=\"text-align: justify;\">Uma solenidade bastante concorrida, com a participa\u00e7\u00e3o de autoridades e do povo, cheia de emo\u00e7\u00e3o, foi assim que ocorreu a inaugura\u00e7\u00e3o do Memorial de Frei Miguel, na tarde de sexta-feira, 8 de janeiro, no Convento dos Capuchinhos, no Bairro Am\u00e9rica, em Aracaju. O Frade que viveu at\u00e9 os 104 anos, falecido h\u00e1 tr\u00eas anos, amado por ricos e pobres, um exemplo contempor\u00e2neo de S\u00e3o Francisco de Assis.<\/p>\n<p style=\"text-align: justify;\">O Guardi\u00e3o do Convento dos Capuchinhos do Bairro Am\u00e9rica, Frei Gleizer Campinho, idealizador do projeto, conduziu toda a cerim\u00f4nia. O Arcebispo de Aracaju, Dom Jos\u00e9 Palmeira Lessa, foi convidado para conduzir a b\u00ean\u00e7\u00e3o de inaugura\u00e7\u00e3o e abertura da fita que marcou o ato inaugural, juntamente com o Provincial Capuchinho de Bahia e Sergipe, Liomar Pereira da Silva, e outras autoridades religiosas e civis.<\/p>\n<p style=\"text-align: justify;\">Todo o complexo que compreende o Convento e a Igreja S\u00e3o Judas Tadeu se transformou no Memorial de Frei Miguel, com o museu que, detalhadamente, foi organizado com pain\u00e9is, fotos e textos que contam a hist\u00f3ria do frade. No museu ainda est\u00e3o expostos os seus pertences e objetos pessoais: paramentos, material de trabalho at\u00e9 o seu quarto foi montado.<\/p>\n<p style=\"text-align: justify;\">Frei Gleizer falou entusiasmado sobre o momento, afirmou que valeu apena todo o esfor\u00e7o e agradeceu aos in\u00fameros colaboradores: \u201cTudo s\u00f3 foi poss\u00edvel com a colabora\u00e7\u00e3o de muitas pessoas. Foi um momento de gratid\u00e3o e de dever cumprido, mesmo ainda tendo muita coisa a fazer, pois o memorial n\u00e3o para por aqui e dever\u00e1 ter outras formata\u00e7\u00f5es\u201d, relatou.<\/p>\n<p style=\"text-align: justify;\">\u201cAracaju ganhou mais um espa\u00e7o cultural para o turismo religioso\u201d, acrescentou Frei Gleizer, que fez quest\u00e3o de refor\u00e7ar a import\u00e2ncia do Frei Miguel para os Capuchinhos e para a Igreja, afirmando que o Memorial vai proteger a mem\u00f3ria do frade homenageado.<\/p>\n<p style=\"text-align: justify;\">\u201cO Memorial vai transmitir para as gera\u00e7\u00f5es futuras a vida do Frei Miguel para que conhe\u00e7am sua hist\u00f3ria e se apaixonem por Deus e, assim como ele, tenham uma vida renovada e o cora\u00e7\u00e3o voltado para Deus, pois ele foi um exemplo de vida que deve se seguido por todos n\u00f3s. \u00c9 uma autoridade na humildade, um servidor, seguidor de S\u00e3o Francisco\u201d, ressaltou Frei Gleizer.<\/p>\n<p style=\"text-align: justify;\">O Arcebispo de Aracaju, Dom Jos\u00e9 Palmeira Lessa, n\u00e3o mediu palavras para elogiar a vida do Frei Miguel e declarou que foi seu grande confessor. \u201cFrei Miguel foi um mission\u00e1rio imbu\u00eddo do Esp\u00edrito de Deus, com o carisma dele e de S\u00e3o Francisco, que pregou essa gra\u00e7a para o mundo nos v\u00e1rios servi\u00e7os de evangeliza\u00e7\u00e3o e de seu grande trabalho social. Mas o bem maior foi o de homem de Deus, iluminando cora\u00e7\u00f5es e trazendo paz para muitos. Esse memorial \u00e9 justo, vai fazer com que muita gente, olhando para ele, relembre as suas obras e sua mensagem de fraternidade e de vida evang\u00e9lica, fazendo com que muitos retornem para Deus e tenham um rumo na vida\u201d, assegurou o Arcebispo Dom Lessa.<\/p>\n<p style=\"text-align: justify;\">Ap\u00f3s a solenidade da abertura da fita, foi descoberta a est\u00e1tua de tamanho natural do Frei Miguel, presente do Prefeito de Aracaju, cravada na pequena pra\u00e7a em frente ao convento, preparada para este ato e, em seguida, ocorreu o descerramento da placa que marcou a inaugura\u00e7\u00e3o do Memorial, a partir deste momento o espa\u00e7o foi abeto para a visita\u00e7\u00e3o p\u00fablica.<\/p>\n<p style=\"text-align: justify;\"><strong>Acompanhe o SE Not\u00edcias no\u00a0<a href=\"https:\/\/twitter.com\/\" target=\"_blank\">Twitter<\/a>\u00a0e no\u00a0<a href=\"https:\/\/www.facebook.com\/senoticias1\" target=\"_blank\">Facebook<\/a><\/strong><\/p>\n<p style=\"text-align: justify;\"><strong><em>por Edmilson Brito<\/em><\/strong><\/p>\n","protected":false},"excerpt":{"rendered":"<p>Uma solenidade bastante concorrida, com a participa\u00e7\u00e3o de autoridades e do povo, cheia de emo\u00e7\u00e3o, foi assim que ocorreu a inaugura\u00e7\u00e3o do Memorial de Frei Miguel, na tarde de sexta-feira, 8 de janeiro, no Convento dos Capuchinhos, no Bairro Am\u00e9rica, em Aracaju. O Frade que viveu at\u00e9 os 104 anos, falecido h\u00e1 tr\u00eas anos, amado [&hellip;]<\/p>\n","protected":false},"author":1,"featured_media":87753,"comment_status":"closed","ping_status":"closed","sticky":false,"template":"","format":"standard","meta":{"footnotes":""},"categories":[6,46],"tags":[],"class_list":{"0":"post-87751","1":"post","2":"type-post","3":"status-publish","4":"format-standard","5":"has-post-thumbnail","7":"category-politica","8":"category-religiao"},"_links":{"self":[{"href":"https:\/\/senoticias.com.br\/se\/wp-json\/wp\/v2\/posts\/87751"}],"collection":[{"href":"https:\/\/senoticias.com.br\/se\/wp-json\/wp\/v2\/posts"}],"about":[{"href":"https:\/\/senoticias.com.br\/se\/wp-json\/wp\/v2\/types\/post"}],"author":[{"embeddable":true,"href":"https:\/\/senoticias.com.br\/se\/wp-json\/wp\/v2\/users\/1"}],"replies":[{"embeddable":true,"href":"https:\/\/senoticias.com.br\/se\/wp-json\/wp\/v2\/comments?post=87751"}],"version-history":[{"count":0,"href":"https:\/\/senoticias.com.br\/se\/wp-json\/wp\/v2\/posts\/87751\/revisions"}],"wp:featuredmedia":[{"embeddable":true,"href":"https:\/\/senoticias.com.br\/se\/wp-json\/wp\/v2\/media\/87753"}],"wp:attachment":[{"href":"https:\/\/senoticias.com.br\/se\/wp-json\/wp\/v2\/media?parent=87751"}],"wp:term":[{"taxonomy":"category","embeddable":true,"href":"https:\/\/senoticias.com.br\/se\/wp-json\/wp\/v2\/categories?post=87751"},{"taxonomy":"post_tag","embeddable":true,"href":"https:\/\/senoticias.com.br\/se\/wp-json\/wp\/v2\/tags?post=87751"}],"curies":[{"name":"wp","href":"https:\/\/api.w.org\/{rel}","templated":true}]}}