{"id":87748,"date":"2016-01-09T07:00:49","date_gmt":"2016-01-09T10:00:49","guid":{"rendered":"http:\/\/senoticias.com.br\/se\/?p=87748"},"modified":"2016-01-11T07:21:24","modified_gmt":"2016-01-11T10:21:24","slug":"suspeitos-de-sequestros-relampago-na-zona-sul-da-capital-sao-presos","status":"publish","type":"post","link":"https:\/\/senoticias.com.br\/se\/suspeitos-de-sequestros-relampago-na-zona-sul-da-capital-sao-presos\/","title":{"rendered":"Suspeitos de sequestros-rel\u00e2mpago na zona sul da capital s\u00e3o presos"},"content":{"rendered":"<p style=\"text-align: justify;\">A\u00a0 Pol\u00edcia Civil, por meio do Complexo de Opera\u00e7\u00f5es Policiais Especiais (Cope), prendeu Samuel Matos, 31 anos, e Marcos Andr\u00e9 dos Santos, 29, acusados de realizar sequestros-rel\u00e2mpago nos bairros S\u00e3o Jos\u00e9 e 13 de julho no final de 2015.<\/p>\n<div id=\"attachment_87749\" style=\"width: 583px\" class=\"wp-caption aligncenter\"><a href=\"http:\/\/senoticias.com.br\/se\/wp-content\/uploads\/2016\/01\/cope.jpeg\"><img loading=\"lazy\" decoding=\"async\" aria-describedby=\"caption-attachment-87749\" class=\"size-full wp-image-87749\" alt=\"Os dois suspeitos t\u00eam passagem pelo sistema prisional sergipano e est\u00e3o custodiados na carceragem do Cope. (Foto: SSP\/SE)\" src=\"http:\/\/senoticias.com.br\/se\/wp-content\/uploads\/2016\/01\/cope.jpeg\" width=\"573\" height=\"380\" srcset=\"https:\/\/senoticias.com.br\/se\/wp-content\/uploads\/2016\/01\/cope.jpeg 573w, https:\/\/senoticias.com.br\/se\/wp-content\/uploads\/2016\/01\/cope-300x198.jpeg 300w, https:\/\/senoticias.com.br\/se\/wp-content\/uploads\/2016\/01\/cope-342x226.jpeg 342w\" sizes=\"(max-width: 573px) 100vw, 573px\" \/><\/a><p id=\"caption-attachment-87749\" class=\"wp-caption-text\">Os dois suspeitos t\u00eam passagem pelo sistema prisional sergipano e est\u00e3o custodiados na carceragem do Cope. (Foto: SSP\/SE)<\/p><\/div>\n<p style=\"text-align: justify;\">De acordo com o diretor do Cope, delegado Jonathas de Evangelista, as investiga\u00e7\u00f5es iniciaram quando duas v\u00edtimas, uma feita no bairro S\u00e3o Jos\u00e9, em 25 de novembro, e outra no bairro 13 de julho, no \u00faltimo dia 10, foram abordadas enquanto entravam em seus ve\u00edculos. Na a\u00e7\u00e3o, a dupla manteve as v\u00edtimas ref\u00e9ns e as obrigou a entregar todos os pertences de valor, al\u00e9m de cart\u00f5es e senhas de movimenta\u00e7\u00e3o banc\u00e1ria. Os assaltantes efetuaram saques nas contas das v\u00edtimas, al\u00e9m de terem realizado compras em um supermercado da cidade utilizando o cart\u00e3o de uma das v\u00edtimas.<\/p>\n<p>&#8220;Dilig\u00eancias, cumpridas pelos agentes, resultaram na pris\u00e3o de Marcos Andr\u00e9 quando chegava \u00e0 sua resid\u00eancia, no \u00faltimo dia 18. J\u00e1 Samuel, foi preso no munic\u00edpio de Est\u00e2ncia, dentro de um ve\u00edculo roubado dois dias antes, ap\u00f3s ter realizado diversos assaltos nos munic\u00edpios de Boquim e Itabaiana, al\u00e9m de outros roubos em Aracaju&#8221;, explicita o delegado.<\/p>\n<p>Os dois indiv\u00edduos t\u00eam passagem pelo sistema prisional sergipano e est\u00e3o custodiados na carceragem do Cope.<\/p>\n<p><strong>Acompanhe o SE Not\u00edcias no\u00a0<a href=\"https:\/\/twitter.com\/\" target=\"_blank\">Twitter<\/a>\u00a0e no\u00a0<a href=\"https:\/\/www.facebook.com\/senoticias1\" target=\"_blank\">Facebook<\/a><\/strong><\/p>\n<p><strong>Fonte: SSP\/SE<\/strong><\/p>\n","protected":false},"excerpt":{"rendered":"<p>A\u00a0 Pol\u00edcia Civil, por meio do Complexo de Opera\u00e7\u00f5es Policiais Especiais (Cope), prendeu Samuel Matos, 31 anos, e Marcos Andr\u00e9 dos Santos, 29, acusados de realizar sequestros-rel\u00e2mpago nos bairros S\u00e3o Jos\u00e9 e 13 de julho no final de 2015. De acordo com o diretor do Cope, delegado Jonathas de Evangelista, as investiga\u00e7\u00f5es iniciaram quando duas [&hellip;]<\/p>\n","protected":false},"author":1,"featured_media":87749,"comment_status":"closed","ping_status":"closed","sticky":false,"template":"","format":"standard","meta":{"footnotes":""},"categories":[7,1],"tags":[],"class_list":{"0":"post-87748","1":"post","2":"type-post","3":"status-publish","4":"format-standard","5":"has-post-thumbnail","7":"category-policia","8":"category-sem-categoria"},"_links":{"self":[{"href":"https:\/\/senoticias.com.br\/se\/wp-json\/wp\/v2\/posts\/87748"}],"collection":[{"href":"https:\/\/senoticias.com.br\/se\/wp-json\/wp\/v2\/posts"}],"about":[{"href":"https:\/\/senoticias.com.br\/se\/wp-json\/wp\/v2\/types\/post"}],"author":[{"embeddable":true,"href":"https:\/\/senoticias.com.br\/se\/wp-json\/wp\/v2\/users\/1"}],"replies":[{"embeddable":true,"href":"https:\/\/senoticias.com.br\/se\/wp-json\/wp\/v2\/comments?post=87748"}],"version-history":[{"count":0,"href":"https:\/\/senoticias.com.br\/se\/wp-json\/wp\/v2\/posts\/87748\/revisions"}],"wp:featuredmedia":[{"embeddable":true,"href":"https:\/\/senoticias.com.br\/se\/wp-json\/wp\/v2\/media\/87749"}],"wp:attachment":[{"href":"https:\/\/senoticias.com.br\/se\/wp-json\/wp\/v2\/media?parent=87748"}],"wp:term":[{"taxonomy":"category","embeddable":true,"href":"https:\/\/senoticias.com.br\/se\/wp-json\/wp\/v2\/categories?post=87748"},{"taxonomy":"post_tag","embeddable":true,"href":"https:\/\/senoticias.com.br\/se\/wp-json\/wp\/v2\/tags?post=87748"}],"curies":[{"name":"wp","href":"https:\/\/api.w.org\/{rel}","templated":true}]}}