{"id":87745,"date":"2016-01-08T17:49:25","date_gmt":"2016-01-08T20:49:25","guid":{"rendered":"http:\/\/senoticias.com.br\/se\/?p=87745"},"modified":"2016-01-10T15:23:06","modified_gmt":"2016-01-10T18:23:06","slug":"nota-do-enem-2015-e-divulgada-sisu-abre-disputa-por-vagas-na-segunda","status":"publish","type":"post","link":"https:\/\/senoticias.com.br\/se\/nota-do-enem-2015-e-divulgada-sisu-abre-disputa-por-vagas-na-segunda\/","title":{"rendered":"Nota do Enem 2015 \u00e9 divulgada; Sisu abre disputa por vagas na segunda"},"content":{"rendered":"<p style=\"text-align: justify;\"><em><strong>Do G1, em S\u00e3o Paulo<\/strong><\/em><\/p>\n<p style=\"text-align: justify;\">As notas do Enem 2015 (Exame Nacional do Ensino M\u00e9dio) foram divulgadas nesta sexta-feira (8) pelo Instituto Nacional de Estudos e Pesquisas Educacionais An\u00edsio Teixeira (Inep). Cada um dos 5,7 milh\u00f5es de candidatos pode conferir seu desempenho no\u00a0<a href=\"http:\/\/enem.inep.gov.br\/participante\/#\/login\" target=\"_blank\">site da institui\u00e7\u00e3o<\/a>. Basta utilizar o CPF e a senha: clique em\u00a0<a href=\"http:\/\/enem.inep.gov.br\/participante\/#\/login\" target=\"_blank\">http:\/\/enem.inep.gov.br\/participante\/#\/login<\/a>.<\/p>\n<p><em>VEJA ABAIXO TIRA-D\u00daVIDAS SOBRE A CORRE\u00c7\u00c3O DAS PROVAS)<\/em><\/p>\n<p>Ap\u00f3s o Inep anunciar a divulga\u00e7\u00e3o, o\u00a0<a href=\"http:\/\/g1.globo.com\/educacao\/enem\/2015\/noticia\/2016\/01\/nota-do-enem-2015-site-do-inep-tem-instabilidade-apos-divulgar-resultado.html\">site sofreu instabilidades<\/a>\u00a0e participantes relataram n\u00e3o ter conseguido fazer a consulta.<\/p>\n<p>O Inep diz que o sistema &#8220;funciona sem problemas&#8221; e eventualidades podem estar realacionadas a picos de acesso.<\/p>\n<p><a href=\"http:\/\/senoticias.com.br\/se\/wp-content\/uploads\/2016\/01\/inep-e1452286380897.jpg\"><img loading=\"lazy\" decoding=\"async\" class=\"aligncenter size-full wp-image-87747\" alt=\"inep\" src=\"http:\/\/senoticias.com.br\/se\/wp-content\/uploads\/2016\/01\/inep-e1452286380897.jpg\" width=\"598\" height=\"449\" \/><\/a><\/p>\n<p style=\"text-align: justify;\"><strong>Relato de problemas<br \/>\n<\/strong><br \/>\nOs participantes do\u00a0<a href=\"http:\/\/g1.globo.com\/tudo-sobre\/enem\">Enem<\/a>\u00a0relataram desde os primeiros minutos de consulta diversos tipos de problemas relacionados \u00e0 visualiza\u00e7\u00e3o da nota.<\/p>\n<p style=\"text-align: justify;\">No Twitter, posts contavam sobre falha no acesso. Ap\u00f3s digitar o endere\u00e7o, o site n\u00e3o carregava. Em outros casos, a consulta n\u00e3o exibia resultados<\/p>\n<p style=\"text-align: justify;\">Por fim, em outra falha relatada, usu\u00e1rios contavam que n\u00e3o conseguiram ver a nota da prova de reda\u00e7\u00e3o. A assessoria do Inep informou que a nota de reda\u00e7\u00e3o foi inclu\u00edda no banco de dados e pediu que os candidatos que n\u00e3o a localizaram limpem o cache de seus navegadores e atualizem a p\u00e1gina de resultados para ter acesso \u00e0 informa\u00e7\u00e3o.<\/p>\n<p style=\"text-align: justify;\"><strong><em>Acompanhe o SE Not\u00edcias no\u00a0<a href=\"https:\/\/twitter.com\/Senoticias\" target=\"_blank\">Twitter<\/a>\u00a0e no\u00a0<a href=\"https:\/\/www.facebook.com\/PortalSENoticias\/\" target=\"_blank\">Facebook<\/a><\/em><\/strong><\/p>\n<p><strong>Usos do resultado do Enem<br \/>\n<\/strong><br \/>\nO resultado ser\u00e1 utilizado na disputa por vagas em universidades p\u00fablicas: j\u00e1 na segunda-feira (11) o\u00a0<a href=\"http:\/\/g1.globo.com\/tudo-sobre\/ministerio-da-educacao\/\">Minist\u00e9rio da Educa\u00e7\u00e3o<\/a>\u00a0(MEC) abre a primeira edi\u00e7\u00e3o do Sistema de Sele\u00e7\u00e3o Unificada (Sisu) em 2016.<\/p>\n<p>Ser\u00e3o 228 mil vagas em 131 institui\u00e7\u00f5es p\u00fablicas de ensino superior, que j\u00e1 podem ser pesquisadas no\u00a0<a href=\"http:\/\/sisu.mec.gov.br\/cursos\" target=\"_blank\">site do Sisu<\/a>. Al\u00e9m das vagas do Sisu, programas federais de bolsa de estudos (Prouni e Ci\u00eancia Sem Fronteiras) e de financiamento (Fies)\u00a0<a href=\"http:\/\/g1.globo.com\/educacao\/enem\/2015\/noticia\/2015\/05\/enem-2015-o-que-eu-posso-fazer-com-nota-do-exame-nacional.html\">exigem nota<\/a>\u00a0m\u00ednima no Enem.<\/p>\n<p style=\"text-align: justify;\">Os alunos poder\u00e3o conferir apenas as notas das provas das quatro \u00e1reas de conhecimento e da reda\u00e7\u00e3o. Uma decis\u00e3o da Justi\u00e7a Federal determina que o espelho da reda\u00e7\u00e3o seja divulgado, mas o Inep ainda tem prazo para recorrer. O texto digitalizado e os apontamentos dos avaliadores\u00a0<a href=\"http:\/\/g1.globo.com\/educacao\/enem\/2015\/noticia\/2016\/01\/espelho-da-redacao-do-enem-nao-sera-divulgado-na-sexta-diz-inep.html\">ser\u00e1 <\/a>divulgado em at\u00e9 60 dias, conforme o \u00f3rg\u00e3o ligado ao MEC.<\/p>\n<p style=\"text-align: justify;\">Considerado por alguns professores como o\u00a0Enem mais dif\u00edcil, a edi\u00e7\u00e3o 2015 foi marcada por pol\u00eamicas e avan\u00e7os. Nenhuma ocorr\u00eancia grave contra a seguran\u00e7a da prova foi verificada, apesar de\u00a0740 candidatos terem sido eliminados.<\/p>\n<p style=\"text-align: justify;\">Em rela\u00e7\u00e3o ao conte\u00fado, a escolha do tema da reda\u00e7\u00e3o foi elogiada por destacar a\u00a0perman\u00eancia da viol\u00eancia contra as mulheres na sociedade. O debate sobre feminismo esteve presente nos mais de 3,7 milh\u00f5es de post no Twitter gerados pelo Enem (veja memes e pol\u00eamicas).<\/p>\n<p style=\"text-align: justify;\">A edi\u00e7\u00e3o 2015 tamb\u00e9m teve o reajuste da taxa de inscri\u00e7\u00e3o (subiu ap\u00f3s 11 anos de R$ 35 para R$ 63). Entre as mudan\u00e7as, o MEC tamb\u00e9m diminuiu o acesso \u00e0 gratuidade, suspendeu o envio do cart\u00e3o de inscri\u00e7\u00e3o pelos Correios e buscou diminuir custos com a prova.<\/p>\n<p><strong>TIRA-D\u00daVIDAS: CORRE\u00c7\u00c3O DO ENEM<\/strong><br \/>\nVeja abaixo os principais esclarecimentos do Inep:<\/p>\n<p style=\"text-align: justify;\"><strong>\u00c9 poss\u00edvel uma prova n\u00e3o ser corrigida?<\/strong><br \/>\nSim, nas seguintes situa\u00e7\u00f5es:<\/p>\n<p style=\"text-align: justify;\">a) quando o participante deixa de indicar a cor do caderno de quest\u00f5es no caderno de respostas;<br \/>\nb) quando sair da sala sem o acompanhamento de um aplicador ou ausentar-se em definitivo antes das duas horas do in\u00edcio do exame;<br \/>\nc) quando n\u00e3o entrega ao aplicador o cart\u00e3o-resposta e a folha de reda\u00e7\u00e3o ao terminar as provas;<br \/>\nd) quando n\u00e3o entrega ao aplicador o caderno de quest\u00f5es, caso deixe a prova em prazo anterior aos \u00faltimos 30 minutos para o t\u00e9rmino;<br \/>\ne) quando ausenta-se da sala de prova levando o cart\u00e3o-resposta e\/ou a folha de reda\u00e7\u00e3o;<br \/>\ng) quando n\u00e3o transcreve a\u00a0frase constante da capa do seu caderno de quest\u00f5es\u00a0ou recusa-se a assinalar a cor da capa de seu caderno de quest\u00f5es no cart\u00e3o-resposta durante o exame.<\/p>\n<p style=\"text-align: justify;\"><strong>Como \u00e9 feita corre\u00e7\u00e3o do cart\u00e3o-resposta?<\/strong><br \/>\nSegundo o Inep, o processamento do cart\u00e3o-resposta \u00e9 realizado por leitura \u00f3ptica, para identificar a marca\u00e7\u00e3o de respostas das quest\u00f5es objetivas. Por isso, \u00e9 imprescind\u00edvel que o preenchimento do cart\u00e3o-resposta tenha sido realizado com caneta esferogr\u00e1fica de tinta preta, de acordo com as instru\u00e7\u00f5es apresentadas, sob pena da impossibilidade de leitura \u00f3ptica.<\/p>\n<p style=\"text-align: justify;\"><strong>Como \u00e9 corrigida a reda\u00e7\u00e3o?<\/strong><br \/>\nSegundo o Inep, a reda\u00e7\u00e3o \u00e9 corrigida por dois especialistas, de forma independente, sem que um conhe\u00e7a a nota atribu\u00edda pelo outro. Cada corretor atribuir\u00e1 uma nota entre 0 (zero) e 200 (duzentos) pontos para cada uma das cinco compet\u00eancias totalizando 1000 (mil) pontos. A nota final corresponde \u00e0 m\u00e9dia aritm\u00e9tica simples das notas atribu\u00eddas pelos dois corretores.<\/p>\n<p style=\"text-align: justify;\">Caso ocorra uma diferen\u00e7a de 100 pontos ou mais entre as duas notas totais (numa escala de 0 a 1000) ou se a diferen\u00e7a de suas notas em qualquer uma das compet\u00eancias for superior a 80 (oitenta) pontos (numa escala de 0 a 200), a reda\u00e7\u00e3o passar\u00e1 por uma terceira corre\u00e7\u00e3o. Caso n\u00e3o haja discrep\u00e2ncia entre o terceiro corretor e pelo menos um dos outros dois corretores, a nota final do participante ser\u00e1 a m\u00e9dia aritm\u00e9tica entre as duas notas totais que mais se aproximarem, sendo descartadas as notas n\u00e3o convergentes.<\/p>\n<p style=\"text-align: justify;\">Caso o terceiro corretor apresente discrep\u00e2ncia com os outros dois corretores, haver\u00e1 novo recurso de of\u00edcio e a reda\u00e7\u00e3o ser\u00e1 corrigida por uma banca composta por tr\u00eas corretores que atribuir\u00e1 a nota final ao participante, sendo descartadas as notas anteriores.<\/p>\n<p style=\"text-align: justify;\"><strong>Quando o participante pode tirar zero na reda\u00e7\u00e3o?<\/strong><br \/>\nNos seguintes casos, segundo o Inep:<\/p>\n<p style=\"text-align: justify;\">a) quando o texto n\u00e3o atender \u00e0 proposta solicitada ou possuir outra estrutura textual que n\u00e3o seja a do tipo dissertativo-argumentativo, o que configurar\u00e1 &#8220;fuga ao tema\/n\u00e3o atendimento ao tipo textual&#8221;;<br \/>\nb) quando inexistir texto escrito na folha de reda\u00e7\u00e3o, ela ser\u00e1 considerada &#8220;em branco&#8221;;<br \/>\nc) quando o texto apresentar at\u00e9 7 (sete) linhas, qualquer que seja o conte\u00fado, o que configurar\u00e1 &#8220;texto insuficiente&#8221; \u2013 quando a reda\u00e7\u00e3o contiver linhas com c\u00f3pia dos textos motivadores apresentados no caderno de quest\u00f5es, ser\u00e3o desconsideradas para efeito de corre\u00e7\u00e3o e de contagem do m\u00ednimo de linhas;<br \/>\nd) caso o texto contenha xingamentos, desenhos e outras formas propositais de anula\u00e7\u00e3o, bem como que desrespeite os direitos humanos e apresente parte do texto desconectada com o tema proposto de forma a caracterizar descompromisso com o exame, quando a reda\u00e7\u00e3o ser\u00e1 considerada &#8220;anulada&#8221;.<\/p>\n","protected":false},"excerpt":{"rendered":"<p>Do G1, em S\u00e3o Paulo As notas do Enem 2015 (Exame Nacional do Ensino M\u00e9dio) foram divulgadas nesta sexta-feira (8) pelo Instituto Nacional de Estudos e Pesquisas Educacionais An\u00edsio Teixeira (Inep). Cada um dos 5,7 milh\u00f5es de candidatos pode conferir seu desempenho no\u00a0site da institui\u00e7\u00e3o. Basta utilizar o CPF e a senha: clique em\u00a0http:\/\/enem.inep.gov.br\/participante\/#\/login. VEJA [&hellip;]<\/p>\n","protected":false},"author":1,"featured_media":87747,"comment_status":"closed","ping_status":"closed","sticky":false,"template":"","format":"standard","meta":{"footnotes":""},"categories":[310,26,1],"tags":[],"class_list":{"0":"post-87745","1":"post","2":"type-post","3":"status-publish","4":"format-standard","5":"has-post-thumbnail","7":"category-destaques-da-semana","8":"category-esportes","9":"category-sem-categoria"},"_links":{"self":[{"href":"https:\/\/senoticias.com.br\/se\/wp-json\/wp\/v2\/posts\/87745"}],"collection":[{"href":"https:\/\/senoticias.com.br\/se\/wp-json\/wp\/v2\/posts"}],"about":[{"href":"https:\/\/senoticias.com.br\/se\/wp-json\/wp\/v2\/types\/post"}],"author":[{"embeddable":true,"href":"https:\/\/senoticias.com.br\/se\/wp-json\/wp\/v2\/users\/1"}],"replies":[{"embeddable":true,"href":"https:\/\/senoticias.com.br\/se\/wp-json\/wp\/v2\/comments?post=87745"}],"version-history":[{"count":0,"href":"https:\/\/senoticias.com.br\/se\/wp-json\/wp\/v2\/posts\/87745\/revisions"}],"wp:featuredmedia":[{"embeddable":true,"href":"https:\/\/senoticias.com.br\/se\/wp-json\/wp\/v2\/media\/87747"}],"wp:attachment":[{"href":"https:\/\/senoticias.com.br\/se\/wp-json\/wp\/v2\/media?parent=87745"}],"wp:term":[{"taxonomy":"category","embeddable":true,"href":"https:\/\/senoticias.com.br\/se\/wp-json\/wp\/v2\/categories?post=87745"},{"taxonomy":"post_tag","embeddable":true,"href":"https:\/\/senoticias.com.br\/se\/wp-json\/wp\/v2\/tags?post=87745"}],"curies":[{"name":"wp","href":"https:\/\/api.w.org\/{rel}","templated":true}]}}