{"id":87441,"date":"2015-12-29T15:35:23","date_gmt":"2015-12-29T18:35:23","guid":{"rendered":"http:\/\/senoticias.com.br\/se\/?p=87441"},"modified":"2015-12-31T09:11:59","modified_gmt":"2015-12-31T12:11:59","slug":"bancos-funcionam-so-ate-amanha-e-reabrem-dia-4","status":"publish","type":"post","link":"https:\/\/senoticias.com.br\/se\/bancos-funcionam-so-ate-amanha-e-reabrem-dia-4\/","title":{"rendered":"Bancos funcionam at\u00e9 esta quarta-feira (30) e s\u00f3 reabrem em 2016"},"content":{"rendered":"<p style=\"text-align: justify;\">Em\u00a0Sergipe, as ag\u00eancias banc\u00e1rias funcionam at\u00e9 esta quarta-feira (30) e s\u00f3 reabrem na segunda-feira (4).\u00a0Na quinta-feira (31), os bancos ficar\u00e3o fechados para atendimento ao p\u00fablico, e o trabalho ser\u00e1 interno para fechamento de balan\u00e7o do ano.<\/p>\n<div id=\"attachment_82197\" style=\"width: 500px\" class=\"wp-caption aligncenter\"><a href=\"http:\/\/senoticias.com.br\/se\/wp-content\/uploads\/2015\/07\/caixa-economica-0051-490x366.jpg\"><img loading=\"lazy\" decoding=\"async\" aria-describedby=\"caption-attachment-82197\" class=\"size-full wp-image-82197\" alt=\"(Foto: Divulga\u00e7\u00e3o)\" src=\"http:\/\/senoticias.com.br\/se\/wp-content\/uploads\/2015\/07\/caixa-economica-0051-490x366.jpg\" width=\"490\" height=\"366\" srcset=\"https:\/\/senoticias.com.br\/se\/wp-content\/uploads\/2015\/07\/caixa-economica-0051-490x366.jpg 490w, https:\/\/senoticias.com.br\/se\/wp-content\/uploads\/2015\/07\/caixa-economica-0051-490x366-300x224.jpg 300w, https:\/\/senoticias.com.br\/se\/wp-content\/uploads\/2015\/07\/caixa-economica-0051-490x366-342x255.jpg 342w, https:\/\/senoticias.com.br\/se\/wp-content\/uploads\/2015\/07\/caixa-economica-0051-490x366-60x45.jpg 60w, https:\/\/senoticias.com.br\/se\/wp-content\/uploads\/2015\/07\/caixa-economica-0051-490x366-150x113.jpg 150w, https:\/\/senoticias.com.br\/se\/wp-content\/uploads\/2015\/07\/caixa-economica-0051-490x366-269x201.jpg 269w\" sizes=\"(max-width: 490px) 100vw, 490px\" \/><\/a><p id=\"caption-attachment-82197\" class=\"wp-caption-text\">(Foto: Divulga\u00e7\u00e3o)<\/p><\/div>\n<p style=\"text-align: justify;\">As contas de consumo (\u00e1gua, luz, telefone e TV a cabo) e os carn\u00eas que estiverem com vencimento nas datas em que as ag\u00eancias estiverem fechadas poder\u00e3o ser pagos no primeiro dia \u00fatil seguinte ao feriado, ou seja, no dia 4 de janeiro, sem a incid\u00eancia de multa por atraso.<\/p>\n<p style=\"text-align: justify;\">Os tributos federais, estaduais e municipais j\u00e1 est\u00e3o com data ajustada em rela\u00e7\u00e3o ao calend\u00e1rio de feriados.<\/p>\n<p style=\"text-align: justify;\">A Federa\u00e7\u00e3o Brasileira de Bancos (Febraban) orienta o p\u00fablico a utilizar os caixas eletr\u00f4nicos, internet banking, mobile banking, banco por telefone e correspondentes (casas lot\u00e9ricas, ag\u00eancias dos Correios, redes de supermercados e outros estabelecimentos comerciais credenciados) para realizar opera\u00e7\u00f5es banc\u00e1rias.<\/p>\n<p style=\"text-align: justify;\">As contas com c\u00f3digos de barra poder\u00e3o ser pagas nos pr\u00f3prios caixas autom\u00e1ticos.<\/p>\n<p style=\"text-align: justify;\">Outra op\u00e7\u00e3o \u00e9 o agendamento dos pagamentos das contas de consumo nos bancos.<\/p>\n<p style=\"text-align: justify;\">J\u00e1 em rela\u00e7\u00e3o aos boletos banc\u00e1rios, os clientes cadastrados como sacados eletr\u00f4nicos poder\u00e3o ser agendados ou pagos por meio do D\u00e9bito Direto Autorizado \u2013 DDA.<\/p>\n<p style=\"text-align: justify;\"><strong><em>Acompanhe o SE Not\u00edcias no <a href=\"https:\/\/twitter.com\/Senoticias\" target=\"_blank\">Twitter<\/a> e no <a href=\"https:\/\/www.facebook.com\/PortalSENoticias\/\" target=\"_blank\">Facebook<\/a><\/em><\/strong><\/p>\n<p style=\"text-align: justify;\"><strong><em>\u00a0<\/em><\/strong><\/p>\n<p><strong><em>Fonte: Ag\u00eancia Brasil e G1 SE.<\/em><\/strong><\/p>\n","protected":false},"excerpt":{"rendered":"<p>Em\u00a0Sergipe, as ag\u00eancias banc\u00e1rias funcionam at\u00e9 esta quarta-feira (30) e s\u00f3 reabrem na segunda-feira (4).\u00a0Na quinta-feira (31), os bancos ficar\u00e3o fechados para atendimento ao p\u00fablico, e o trabalho ser\u00e1 interno para fechamento de balan\u00e7o do ano. As contas de consumo (\u00e1gua, luz, telefone e TV a cabo) e os carn\u00eas que estiverem com vencimento nas [&hellip;]<\/p>\n","protected":false},"author":3,"featured_media":82197,"comment_status":"closed","ping_status":"closed","sticky":false,"template":"","format":"standard","meta":{"footnotes":""},"categories":[15,6],"tags":[],"class_list":{"0":"post-87441","1":"post","2":"type-post","3":"status-publish","4":"format-standard","5":"has-post-thumbnail","7":"category-destaques","8":"category-politica"},"_links":{"self":[{"href":"https:\/\/senoticias.com.br\/se\/wp-json\/wp\/v2\/posts\/87441"}],"collection":[{"href":"https:\/\/senoticias.com.br\/se\/wp-json\/wp\/v2\/posts"}],"about":[{"href":"https:\/\/senoticias.com.br\/se\/wp-json\/wp\/v2\/types\/post"}],"author":[{"embeddable":true,"href":"https:\/\/senoticias.com.br\/se\/wp-json\/wp\/v2\/users\/3"}],"replies":[{"embeddable":true,"href":"https:\/\/senoticias.com.br\/se\/wp-json\/wp\/v2\/comments?post=87441"}],"version-history":[{"count":0,"href":"https:\/\/senoticias.com.br\/se\/wp-json\/wp\/v2\/posts\/87441\/revisions"}],"wp:featuredmedia":[{"embeddable":true,"href":"https:\/\/senoticias.com.br\/se\/wp-json\/wp\/v2\/media\/82197"}],"wp:attachment":[{"href":"https:\/\/senoticias.com.br\/se\/wp-json\/wp\/v2\/media?parent=87441"}],"wp:term":[{"taxonomy":"category","embeddable":true,"href":"https:\/\/senoticias.com.br\/se\/wp-json\/wp\/v2\/categories?post=87441"},{"taxonomy":"post_tag","embeddable":true,"href":"https:\/\/senoticias.com.br\/se\/wp-json\/wp\/v2\/tags?post=87441"}],"curies":[{"name":"wp","href":"https:\/\/api.w.org\/{rel}","templated":true}]}}