{"id":87440,"date":"2015-12-29T15:30:39","date_gmt":"2015-12-29T18:30:39","guid":{"rendered":"http:\/\/senoticias.com.br\/se\/?p=87440"},"modified":"2015-12-30T14:09:35","modified_gmt":"2015-12-30T17:09:35","slug":"prf-restringe-trafego-de-caminhoes-em-rodovias-durante-feriados","status":"publish","type":"post","link":"https:\/\/senoticias.com.br\/se\/prf-restringe-trafego-de-caminhoes-em-rodovias-durante-feriados\/","title":{"rendered":"Caminh\u00f5es est\u00e3o proibidos de rodar em rodovias federais nos feriados"},"content":{"rendered":"<p style=\"text-align: justify;\">A Pol\u00edcia Rodovi\u00e1ria Federal (PRF) vai limitar o tr\u00e1fego de caminh\u00f5es em rodovias federais durante os feriados de 2016. A portaria, com datas e hor\u00e1rios das restri\u00e7\u00f5es, foi publicada hoje (29) no Di\u00e1rio Oficial da Uni\u00e3o.<\/p>\n<div id=\"attachment_69859\" style=\"width: 605px\" class=\"wp-caption aligncenter\"><a href=\"http:\/\/senoticias.com.br\/se\/wp-content\/uploads\/2014\/09\/prf-se.jpg\"><img loading=\"lazy\" decoding=\"async\" aria-describedby=\"caption-attachment-69859\" class=\"size-full wp-image-69859\" alt=\"(Foto: PRF\/SE)\" src=\"http:\/\/senoticias.com.br\/se\/wp-content\/uploads\/2014\/09\/prf-se.jpg\" width=\"595\" height=\"446\" srcset=\"https:\/\/senoticias.com.br\/se\/wp-content\/uploads\/2014\/09\/prf-se.jpg 595w, https:\/\/senoticias.com.br\/se\/wp-content\/uploads\/2014\/09\/prf-se-300x224.jpg 300w, https:\/\/senoticias.com.br\/se\/wp-content\/uploads\/2014\/09\/prf-se-342x256.jpg 342w, https:\/\/senoticias.com.br\/se\/wp-content\/uploads\/2014\/09\/prf-se-60x45.jpg 60w, https:\/\/senoticias.com.br\/se\/wp-content\/uploads\/2014\/09\/prf-se-150x113.jpg 150w, https:\/\/senoticias.com.br\/se\/wp-content\/uploads\/2014\/09\/prf-se-269x201.jpg 269w\" sizes=\"(max-width: 595px) 100vw, 595px\" \/><\/a><p id=\"caption-attachment-69859\" class=\"wp-caption-text\">(Pol\u00edcia Rodovi\u00e1ria Federal restringi o tr\u00e1fego de caminh\u00f5es na rodovias federais. Foto: PRF\/SE)<\/p><\/div>\n<p style=\"text-align: justify;\">De acordo com o texto, a restri\u00e7\u00e3o afeta todos os trechos rodovi\u00e1rios de pista simples. Nos estados de Rond\u00f4nia e Acre, n\u00e3o haver\u00e1 restri\u00e7\u00e3o de circula\u00e7\u00e3o de caminh\u00f5es, com exce\u00e7\u00e3o do per\u00edodo de Ano-Novo e carnaval.<\/p>\n<p style=\"text-align: justify;\">Ainda segundo a PRF, o descumprimento da proibi\u00e7\u00e3o constitui infra\u00e7\u00e3o de tr\u00e2nsito prevista no Artigo 187 do C\u00f3digo de Tr\u00e2nsito Brasileiro. O ve\u00edculo autuado s\u00f3 poder\u00e1 seguir viagem ap\u00f3s o hor\u00e1rio de t\u00e9rmino da restri\u00e7\u00e3o.<\/p>\n<p style=\"text-align: justify;\"><strong><em>Acompanhe o SE Not\u00edcias no <a href=\"https:\/\/twitter.com\/Senoticias\" target=\"_blank\">Twitter<\/a> e no <a href=\"https:\/\/www.facebook.com\/PortalSENoticias\/\" target=\"_blank\">Facebook<\/a><\/em><\/strong><\/p>\n<p style=\"text-align: justify;\"><strong><em>\u00a0\u00a0<\/em><\/strong><\/p>\n<p style=\"text-align: justify;\"><strong><em>Fonte: Ag\u00eancia Brasil.<\/em><\/strong><\/p>\n","protected":false},"excerpt":{"rendered":"<p>A Pol\u00edcia Rodovi\u00e1ria Federal (PRF) vai limitar o tr\u00e1fego de caminh\u00f5es em rodovias federais durante os feriados de 2016. A portaria, com datas e hor\u00e1rios das restri\u00e7\u00f5es, foi publicada hoje (29) no Di\u00e1rio Oficial da Uni\u00e3o. De acordo com o texto, a restri\u00e7\u00e3o afeta todos os trechos rodovi\u00e1rios de pista simples. Nos estados de Rond\u00f4nia [&hellip;]<\/p>\n","protected":false},"author":3,"featured_media":69859,"comment_status":"closed","ping_status":"closed","sticky":false,"template":"","format":"standard","meta":{"footnotes":""},"categories":[6],"tags":[],"class_list":{"0":"post-87440","1":"post","2":"type-post","3":"status-publish","4":"format-standard","5":"has-post-thumbnail","7":"category-politica"},"_links":{"self":[{"href":"https:\/\/senoticias.com.br\/se\/wp-json\/wp\/v2\/posts\/87440"}],"collection":[{"href":"https:\/\/senoticias.com.br\/se\/wp-json\/wp\/v2\/posts"}],"about":[{"href":"https:\/\/senoticias.com.br\/se\/wp-json\/wp\/v2\/types\/post"}],"author":[{"embeddable":true,"href":"https:\/\/senoticias.com.br\/se\/wp-json\/wp\/v2\/users\/3"}],"replies":[{"embeddable":true,"href":"https:\/\/senoticias.com.br\/se\/wp-json\/wp\/v2\/comments?post=87440"}],"version-history":[{"count":0,"href":"https:\/\/senoticias.com.br\/se\/wp-json\/wp\/v2\/posts\/87440\/revisions"}],"wp:featuredmedia":[{"embeddable":true,"href":"https:\/\/senoticias.com.br\/se\/wp-json\/wp\/v2\/media\/69859"}],"wp:attachment":[{"href":"https:\/\/senoticias.com.br\/se\/wp-json\/wp\/v2\/media?parent=87440"}],"wp:term":[{"taxonomy":"category","embeddable":true,"href":"https:\/\/senoticias.com.br\/se\/wp-json\/wp\/v2\/categories?post=87440"},{"taxonomy":"post_tag","embeddable":true,"href":"https:\/\/senoticias.com.br\/se\/wp-json\/wp\/v2\/tags?post=87440"}],"curies":[{"name":"wp","href":"https:\/\/api.w.org\/{rel}","templated":true}]}}