{"id":87439,"date":"2015-12-29T15:25:16","date_gmt":"2015-12-29T18:25:16","guid":{"rendered":"http:\/\/senoticias.com.br\/se\/?p=87439"},"modified":"2015-12-29T15:25:16","modified_gmt":"2015-12-29T18:25:16","slug":"salario-minimo-sobe-para-r-880-em-1o-de-janeiro","status":"publish","type":"post","link":"https:\/\/senoticias.com.br\/se\/salario-minimo-sobe-para-r-880-em-1o-de-janeiro\/","title":{"rendered":"Sal\u00e1rio m\u00ednimo sobe para R$ 880 em 1\u00ba de janeiro"},"content":{"rendered":"<p style=\"text-align: justify;\">A partir do dia 1\u00ba de janeiro de 2016, o sal\u00e1rio m\u00ednimo ser\u00e1 de R$ 880. O valor foi definido em decreto assinado hoje (29) pela presidenta <em><strong>Dilma Rousseff<\/strong><\/em>, que ser\u00e1 publicado no Di\u00e1rio Oficial da Uni\u00e3o de amanh\u00e3 (30).<\/p>\n<div id=\"attachment_57333\" style=\"width: 490px\" class=\"wp-caption aligncenter\"><a href=\"http:\/\/senoticias.com.br\/se\/wp-content\/uploads\/2013\/12\/dinheiro1.jpg\"><img loading=\"lazy\" decoding=\"async\" aria-describedby=\"caption-attachment-57333\" class=\"size-full wp-image-57333\" alt=\" (Foto: meramente ilustrativa)\" src=\"http:\/\/senoticias.com.br\/se\/wp-content\/uploads\/2013\/12\/dinheiro1.jpg\" width=\"480\" height=\"270\" srcset=\"https:\/\/senoticias.com.br\/se\/wp-content\/uploads\/2013\/12\/dinheiro1.jpg 480w, https:\/\/senoticias.com.br\/se\/wp-content\/uploads\/2013\/12\/dinheiro1-300x168.jpg 300w, https:\/\/senoticias.com.br\/se\/wp-content\/uploads\/2013\/12\/dinheiro1-342x192.jpg 342w\" sizes=\"(max-width: 480px) 100vw, 480px\" \/><\/a><p id=\"caption-attachment-57333\" class=\"wp-caption-text\">(Foto: meramente ilustrativa)<\/p><\/div>\n<p style=\"text-align: justify;\">O aumento do sal\u00e1rio m\u00ednimo ser\u00e1 de 11,6%, j\u00e1 que, atualmente, o valor \u00e9 de R$ 788. &#8220;Com o decreto assinado hoje pela presidenta <strong><em>Dilma Rousseff<\/em><\/strong>, o governo federal d\u00e1 continuidade \u00e0 sua pol\u00edtica de valoriza\u00e7\u00e3o do sal\u00e1rio m\u00ednimo, com impacto direto sobre cerca de 40 milh\u00f5es de trabalhadores e aposentados, que atualmente recebem o piso nacional&#8221;, diz nota divulgada pelo Pal\u00e1cio do Planalto.<\/p>\n<p style=\"text-align: justify;\">A proposta de Or\u00e7amento aprovada pelo Congresso Nacional previa um sal\u00e1rio m\u00ednimo de R$ 871. Ainda hoje o governo ir\u00e1 dar mais detalhes sobre o novo valor do sal\u00e1rio para o ano que vem.<\/p>\n<p style=\"text-align: justify;\">\n<p style=\"text-align: justify;\">\n<p style=\"text-align: justify;\"><strong><em>Acompanhe o SE Not\u00edcias no <a href=\"https:\/\/twitter.com\/Senoticias\" target=\"_blank\">Twitter<\/a> e no <a href=\"https:\/\/www.facebook.com\/PortalSENoticias\/\" target=\"_blank\">Facebook<\/a><\/em><\/strong><\/p>\n<p style=\"text-align: justify;\"><strong><em>\u00a0<\/em><\/strong><\/p>\n<p style=\"text-align: justify;\"><strong><em>\u00a0<\/em><\/strong><\/p>\n<p style=\"text-align: justify;\">\n<strong><em>Fonte: Ag\u00eancia Brasil.<\/em><\/strong><\/p>\n","protected":false},"excerpt":{"rendered":"<p>A partir do dia 1\u00ba de janeiro de 2016, o sal\u00e1rio m\u00ednimo ser\u00e1 de R$ 880. O valor foi definido em decreto assinado hoje (29) pela presidenta Dilma Rousseff, que ser\u00e1 publicado no Di\u00e1rio Oficial da Uni\u00e3o de amanh\u00e3 (30). O aumento do sal\u00e1rio m\u00ednimo ser\u00e1 de 11,6%, j\u00e1 que, atualmente, o valor \u00e9 de [&hellip;]<\/p>\n","protected":false},"author":3,"featured_media":57333,"comment_status":"closed","ping_status":"closed","sticky":false,"template":"","format":"standard","meta":{"footnotes":""},"categories":[6],"tags":[],"class_list":{"0":"post-87439","1":"post","2":"type-post","3":"status-publish","4":"format-standard","5":"has-post-thumbnail","7":"category-politica"},"_links":{"self":[{"href":"https:\/\/senoticias.com.br\/se\/wp-json\/wp\/v2\/posts\/87439"}],"collection":[{"href":"https:\/\/senoticias.com.br\/se\/wp-json\/wp\/v2\/posts"}],"about":[{"href":"https:\/\/senoticias.com.br\/se\/wp-json\/wp\/v2\/types\/post"}],"author":[{"embeddable":true,"href":"https:\/\/senoticias.com.br\/se\/wp-json\/wp\/v2\/users\/3"}],"replies":[{"embeddable":true,"href":"https:\/\/senoticias.com.br\/se\/wp-json\/wp\/v2\/comments?post=87439"}],"version-history":[{"count":0,"href":"https:\/\/senoticias.com.br\/se\/wp-json\/wp\/v2\/posts\/87439\/revisions"}],"wp:featuredmedia":[{"embeddable":true,"href":"https:\/\/senoticias.com.br\/se\/wp-json\/wp\/v2\/media\/57333"}],"wp:attachment":[{"href":"https:\/\/senoticias.com.br\/se\/wp-json\/wp\/v2\/media?parent=87439"}],"wp:term":[{"taxonomy":"category","embeddable":true,"href":"https:\/\/senoticias.com.br\/se\/wp-json\/wp\/v2\/categories?post=87439"},{"taxonomy":"post_tag","embeddable":true,"href":"https:\/\/senoticias.com.br\/se\/wp-json\/wp\/v2\/tags?post=87439"}],"curies":[{"name":"wp","href":"https:\/\/api.w.org\/{rel}","templated":true}]}}