{"id":87436,"date":"2015-12-29T15:16:52","date_gmt":"2015-12-29T18:16:52","guid":{"rendered":"http:\/\/senoticias.com.br\/se\/?p=87436"},"modified":"2015-12-29T21:31:26","modified_gmt":"2015-12-30T00:31:26","slug":"esquema-de-transito-e-transportes-e-montado-para-a-festa-da-virada","status":"publish","type":"post","link":"https:\/\/senoticias.com.br\/se\/esquema-de-transito-e-transportes-e-montado-para-a-festa-da-virada\/","title":{"rendered":"Esquema de tr\u00e2nsito e transportes \u00e9 montado para a festa da virada"},"content":{"rendered":"<p style=\"text-align: justify;\">A Superintend\u00eancia Municipal de Transportes e Tr\u00e2nsito (SMTT), em coletiva realizada nesta ter\u00e7a-feira (29) montou um esquema para facilitar o fluxo de ve\u00edculos nas vias de acesso \u00e0 Orla de Atalaia para o R\u00e9veillon 2016 no dia 31 (quinta-feira). A festa \u00e9 promovida pela Prefeitura Municipal de Aracaju (PMA), na terceira etapa da Orla de Atalaia, na Passarela do Caranguejo.<\/p>\n<p style=\"text-align: justify;\">Em parceria com o Batalh\u00e3o de Policiamento de Tr\u00e2nsito (BPTran), a equipe do Corpo de Bombeiros, o Servi\u00e7o de Atendimento M\u00f3vel de Urg\u00eancia (SAMU), atrav\u00e9s das companhias de Pol\u00edcia de Tr\u00e2nsito (CPTran) e de Pol\u00edcia Rodovi\u00e1ria Estadual (CPRv), a opera\u00e7\u00e3o prev\u00ea, principalmente, um corredor livre de tr\u00e1fego na avenida Beira-Mar, bloqueando retornos para facilitar a circula\u00e7\u00e3o. Estacionamentos de ve\u00edculos ser\u00e3o proibidos nas principais vias que d\u00e3o acesso \u00e0 Orla.<\/p>\n<p style=\"text-align: justify;\">O coordenador de tr\u00e2nsito da SMTT, capit\u00e3o PM Jos\u00e9 Luiz Ferreira, alerta sobre a sinaliza\u00e7\u00e3o que ser\u00e1 implantada para orientar condutores quanto \u00e0s novidades que ir\u00e3o melhorar os percursos \u00e0 praia de Atalaia. \u201cNossas equipes de agentes de tr\u00e2nsito da SMTT estar\u00e3o distribu\u00eddas durante todo o percurso para facilitar na mobilidade do cidad\u00e3o\u201d, informou.<\/p>\n<p style=\"text-align: justify;\">Como j\u00e1 realizado todos os anos, o diretor de tr\u00e2nsito, Coronel Cruz, confirmou o fechamento da \u2018Passarela do Caranguejo\u2019. \u201cEssa medida \u00e9 tomada para dar seguran\u00e7a aos pedestres. As duas pistas da avenida Santos Dumont, na Passarela do Caranguejo, ser\u00e3o fechadas para os ve\u00edculos, em ambos os sentidos, a partir do Posto do Corpo de Bombeiros at\u00e9 o antigo Hotel Parque dos Coqueiros, possibilitando maior conforto e seguran\u00e7a aos participantes do evento\u201d, completou.<\/p>\n<div id=\"attachment_87437\" style=\"width: 606px\" class=\"wp-caption aligncenter\"><a href=\"http:\/\/senoticias.com.br\/se\/wp-content\/uploads\/2015\/12\/1137403100--e1451412698500.jpeg\"><img loading=\"lazy\" decoding=\"async\" aria-describedby=\"caption-attachment-87437\" class=\"size-full wp-image-87437\" alt=\"Foto: Smtt\" src=\"http:\/\/senoticias.com.br\/se\/wp-content\/uploads\/2015\/12\/1137403100--e1451412698500.jpeg\" width=\"596\" height=\"421\" \/><\/a><p id=\"caption-attachment-87437\" class=\"wp-caption-text\">Foto: Smtt<\/p><\/div>\n<p style=\"text-align: justify;\"><strong>Atua\u00e7\u00e3o<\/strong><\/p>\n<p style=\"text-align: justify;\">Toda a \u00e1rea ser\u00e1 sinalizada, refor\u00e7ando as indica\u00e7\u00f5es de desvios, isolamento de ruas e demais canaliza\u00e7\u00f5es, como mudan\u00e7a de sentido e de faixa, principalmente. Alguns sem\u00e1foros ser\u00e3o retemporizados e\/ou desligados, como no caso do conjunto semaf\u00f3rico do cruzamento das avenidas J\u00falio C\u00e9sar Leite e Hildete Falc\u00e3o, o da avenida Mel\u00edcio Machado, em frente ao supermercado GBarbosa, e o da avenida Her\u00e1clito Rollemberg, no conjunto Augusto Franco.<\/p>\n<p style=\"text-align: justify;\">Em um total de 120 agentes de tr\u00e2nsito trabalhando na \u2018Opera\u00e7\u00e3o R\u00e9veillon 2016\u2019, controlando o tr\u00e2nsito nos principais cruzamentos e vias. \u201cNossos agentes de tr\u00e2nsito atuar\u00e3o para dar essa tranquilidade \u00e0 popula\u00e7\u00e3o. Pedimos que as pessoas respeitem \u00e0 sinaliza\u00e7\u00e3o, obede\u00e7am as determina\u00e7\u00f5es dos agentes e acima de tudo, as leis b\u00e1sicas do tr\u00e2nsito, evitando, dessa forma, que acidentes aconte\u00e7am\u201d, disse.<\/p>\n<p style=\"text-align: justify;\"><strong>Mudan\u00e7as no tr\u00e1fego<\/strong><\/p>\n<p style=\"text-align: justify;\">Na quinta-feira, 31, a SMTT iniciar\u00e1 a coloca\u00e7\u00e3o dos prismas de concreto nos principais locais onde acontecer\u00e3o as mudan\u00e7as, fazendo com que a popula\u00e7\u00e3o conscientize-se das altera\u00e7\u00f5es. \u00c0s 8h, ser\u00e1 feito o fechamento total do estacionamento de ve\u00edculos na \u2018Passarela do Caranguejo\u2019, visando facilitar a desocupa\u00e7\u00e3o da \u00e1rea do evento \u00e0 noite; tamb\u00e9m ser\u00e1 implantada toda a sinaliza\u00e7\u00e3o tempor\u00e1ria de proibi\u00e7\u00e3o de estacionamento, de sentido e proibi\u00e7\u00e3o de fluxo.<\/p>\n<p style=\"text-align: justify;\">A partir das 15h, a extens\u00e3o da &#8216;Passarela do Caranguejo&#8217; e Praia de Aruana, do Posto dos Bombeiros \u00e0 Rodovia Jos\u00e9 Sarney ser\u00e3o isoladas ao tr\u00e1fego pela SMTT, CPRv e CPTran, evitando o tr\u00e1fego e estacionamento de ve\u00edculos nas vias. As equipes dos tr\u00eas \u00f3rg\u00e3os de tr\u00e2nsito far\u00e3o a opera\u00e7\u00e3o \u201cVarredura\u201d na regi\u00e3o e remover\u00e3o os ve\u00edculos estacionados nessas avenidas.<\/p>\n<p style=\"text-align: justify;\">\u00c0s 18h ser\u00e3o feitas as demais altera\u00e7\u00f5es no tr\u00e2nsito, a exemplo do tr\u00e1fego de ve\u00edculos da avenida Her\u00e1clito Rollemberg, sentido oeste\/leste, para a avenida Hildete Falc\u00e3o, bem como o tr\u00e2nsito da avenida Hildete Falc\u00e3o para a avenida Her\u00e1clito Rollemberg, no sentido leste\/oeste, em dire\u00e7\u00e3o ao conjunto Augusto Franco, sem conflito. O fluxo de ve\u00edculos ser\u00e1 canalizado na avenida Luiz Lua Gonzaga (antiga Delmiro Gouveia), na esquina com a rua Urbano Neto, possibilitando o tr\u00e1fego da avenida sem conflito em ambos os sentidos. Fica proibido, as convers\u00f5es \u00e0 esquerda.<\/p>\n<p style=\"text-align: justify;\">A outra mudan\u00e7a acontecer\u00e1 na avenida Rotary e Beira-Mar, desde os Arcos da Orla at\u00e9 a avenida Tancredo Neves. A partir da meia noite do dia 1\u00ba de janeiro, toda essa extens\u00e3o das vias funcionar\u00e1 em m\u00e3o \u00fanica, sentido Praias\/Centro. Nesse mesmo hor\u00e1rio, ser\u00e1 formado um corredor de fluxo de ve\u00edculos sentido sul\/norte nas avenidas Monteiro Lobato e Her\u00e1clito Rollemberg, em dire\u00e7\u00e3o \u00e0 Beira-Mar.<\/p>\n<p style=\"text-align: justify;\">Caso o condutor siga para a Orla de Atalaia ap\u00f3s a meia-noite, a recomenda\u00e7\u00e3o \u00e9 utilizar o percurso da avenida Luiz Lua Gonzaga (antiga Delmiro Gouveia), pela ponte da Coroa do Meio (Shopping Riomar) ou avenida Her\u00e1clito Rollemberg.<\/p>\n<p style=\"text-align: justify;\"><strong><em>\u00c0s 5h, da sexta-feira, dia 1\u00ba de janeiro de 2016, o tr\u00e2nsito ser\u00e1 restabelecido nas avenidas.<\/em><\/strong><\/p>\n<div id=\"attachment_87438\" style=\"width: 606px\" class=\"wp-caption aligncenter\"><a href=\"http:\/\/senoticias.com.br\/se\/wp-content\/uploads\/2015\/12\/1519028623--e1451412873886.jpeg\"><img loading=\"lazy\" decoding=\"async\" aria-describedby=\"caption-attachment-87438\" class=\"size-full wp-image-87438\" alt=\"Foto: Smtt\" src=\"http:\/\/senoticias.com.br\/se\/wp-content\/uploads\/2015\/12\/1519028623--e1451412873886.jpeg\" width=\"596\" height=\"421\" \/><\/a><p id=\"caption-attachment-87438\" class=\"wp-caption-text\">Foto: Smtt<\/p><\/div>\n<p style=\"text-align: justify;\"><strong><em><\/em><\/strong><br \/>\n<strong><em>Rotas<\/em><\/strong><\/p>\n<p style=\"text-align: justify;\"><strong>O cidad\u00e3o que desejar ir \u00e0 Orla de Atalaia para a festa do R\u00e9veillon 2016 ter\u00e1 cinco op\u00e7\u00f5es de rota:<\/strong><\/p>\n<p style=\"text-align: justify;\">&#8211; Itiner\u00e1rio pelo corredor livre compreendendo as avenidas Ad\u00e9lia Franco, Her\u00e1clito Rollemberg, Hildete Falc\u00e3o e Mel\u00edcio Machado;<\/p>\n<p style=\"text-align: justify;\">&#8211; Itiner\u00e1rio pelo bairro Coroa do Meio;<\/p>\n<p style=\"text-align: justify;\">&#8211; Itiner\u00e1rio pela avenida Beira-Mar;<\/p>\n<p style=\"text-align: justify;\">&#8211; Itiner\u00e1rio pela rua Alexandre Alcino (Rota de Fuga do Tecarmo);<\/p>\n<p style=\"text-align: justify;\">&#8211; Itiner\u00e1rio pelo corredor formado pelas avenidas Gasoduto, entrando no Santa Maria, acessando a avenida Alexandre Alcino, chegando na Rota de Fuga do Tecarmo.<\/p>\n<p style=\"text-align: justify;\"><strong>J\u00e1 para retornar da Orla de Atalaia, ser\u00e3o quatro rotas alternativas dispon\u00edveis. S\u00e3o elas:<\/strong><\/p>\n<p style=\"text-align: justify;\">&#8211; Itiner\u00e1rio pela invers\u00e3o do sentido da avenida Beira-Mar, na pista que tem sentido norte\/sul, a partir de 0h, desde a avenida Rotary at\u00e9 a avenida Tancredo Neves, fazendo-a operar extraordinariamente com as duas pistas em dire\u00e7\u00e3o ao Centro da cidade, priorizando o fluxo de sa\u00edda da Orla;<\/p>\n<p style=\"text-align: justify;\">&#8211; Itiner\u00e1rio compreendendo as avenidas Mel\u00edcio Machado, Hildete Falc\u00e3o, Her\u00e1clito Rollemberg e Ad\u00e9lia Franco;<\/p>\n<p style=\"text-align: justify;\">&#8211; Itiner\u00e1rio formado pelo corredor compreendido pelas ruas Monteiro Lobato, Her\u00e1clito Rollemberg e avenida Beira-Mar;<\/p>\n<p style=\"text-align: justify;\"><strong>Itiner\u00e1rio pelo bairro Coroa do Meio.<\/strong><\/p>\n<p style=\"text-align: justify;\"><strong>\u00d4nibus<\/strong><\/p>\n<p style=\"text-align: justify;\">Para que os foli\u00f5es possam se deslocar de \u00f4nibus at\u00e9 a Orla de Atalaia, o transporte p\u00fablico de Aracaju tamb\u00e9m ser\u00e1 alterado. Al\u00e9m de linhas operando sem interrup\u00e7\u00e3o e outras estendidas, uma frota especial com 15 ve\u00edculos ser\u00e1 disponibilizada a partir das 18h do dia 31 at\u00e9 as 6h de 1\u00ba de janeiro de 2015. O Terminal de Integra\u00e7\u00e3o da Zona Sul operar\u00e1 ininterruptamente. Os demais funcionar\u00e3o normalmente at\u00e9 a meia-noite de quarta-feira, reiniciando \u00e0s 4h do dia seguinte.<\/p>\n<p style=\"text-align: justify;\"><strong>Linhas que ir\u00e3o operar sem interrup\u00e7\u00e3o:<\/strong><\/p>\n<p style=\"text-align: justify;\">007 \u2013 Fernando Collor \/ Atalaia<\/p>\n<p style=\"text-align: justify;\">&#8211; 008 \u2013 Aeroporto \/ Bairro Industrial<\/p>\n<p style=\"text-align: justify;\">&#8211; 040A \u2013 Marcos Freire II \/ Atalaia<\/p>\n<p style=\"text-align: justify;\">&#8211; 051 \u2013 Atalaia \/ Centro<\/p>\n<p style=\"text-align: justify;\">&#8211; 080 \u2013 Bugio \/ Atalaia<\/p>\n<p style=\"text-align: justify;\">&#8211; 701 \u2013 Jardim Atl\u00e2ntico\/Centro<\/p>\n<p style=\"text-align: justify;\"><strong>As linhas regulares do Terminal da Zona Sul que atender\u00e3o regularmente ao evento:<\/strong><\/p>\n<p style=\"text-align: justify;\">&#8211; 100 CS1 \u2013 Circular Shoppings 01<\/p>\n<p style=\"text-align: justify;\">&#8211; 100 CS2 \u2013 Circular Shoppings 02<\/p>\n<p style=\"text-align: justify;\">&#8211; 501 \u2013 Povoado S\u00e3o Jos\u00e9 \/ Zona Sul<\/p>\n<p style=\"text-align: justify;\">&#8211; 502 \u2013 Aeroporto \/ Zona Sul<\/p>\n<p style=\"text-align: justify;\">&#8211; 503 \u2013 Conj. Beira Mar \/ Zona Sul<\/p>\n<p style=\"text-align: justify;\">&#8211; 504 \u2013 17 de Mar\u00e7o \/ Zona Sul via Aquarius<\/p>\n<p style=\"text-align: justify;\">&#8211; 505 \u2013 Santa Maria \/ Zona Sul<\/p>\n<p style=\"text-align: justify;\">&#8211; 600 CP1 \u2013 Circular Praias 01<\/p>\n<p style=\"text-align: justify;\">&#8211; 600 CP2 \u2013 Circular Praias 02<\/p>\n<p style=\"text-align: justify;\"><strong>Para o retorno dos foli\u00f5es, a partir das 4h do dia 1\u00ba de janeiro de 2014, dez linhas iniciar\u00e3o o percurso no Terminal da Zona Sul:<\/strong><\/p>\n<p style=\"text-align: justify;\">&#8211; 002 \u2013 Fernando Collor \/ DIA<\/p>\n<p style=\"text-align: justify;\">&#8211; 020 \u2013 Piabeta \/ DIA<\/p>\n<p style=\"text-align: justify;\">&#8211; 030 \u2013 Marcos Freire I e III \/ DIA<\/p>\n<p style=\"text-align: justify;\">&#8211; 031 \u2013 Eduardo Gomes \/ Desembargador Maynard<\/p>\n<p style=\"text-align: justify;\">&#8211; 032-1 \u2013 Tijuquinha \/ Osvaldo Aranha 01<\/p>\n<p style=\"text-align: justify;\">-032-2 \u2013 Tijuquinha \/ Osvaldo Aranha 02<\/p>\n<p style=\"text-align: justify;\">&#8211; 061 \u2013 Marcos Freire \/ Centro<\/p>\n<p style=\"text-align: justify;\">&#8211; 407 \u2013 Padre Pedro \/ DIA<\/p>\n<p style=\"text-align: justify;\">&#8211; 704 \u2013 Conj. Jardim \/ Osvaldo Aranha<\/p>\n<p style=\"text-align: justify;\">&#8211; 705 \u2013 Parque dos Far\u00f3is \/ Osvaldo Aranha<\/p>\n<p style=\"text-align: justify;\"><strong>T\u00e1xi<\/strong><\/p>\n<p style=\"text-align: justify;\">Os foli\u00f5es que optarem ir ao evento sem o seu ve\u00edculo, contar\u00e3o tamb\u00e9m com o servi\u00e7o de t\u00e1xi. Como todos os anos, os pontos de t\u00e1xi tradicionais ser\u00e3o mantidos, j\u00e1 que a rotatividade de passageiros \u00e9 grande. Os usu\u00e1rios devem ficar atentos a esses pontos existentes, como o da avenida Rotary at\u00e9 a Rua Niceu Dantas, pr\u00f3ximo aos Arcos da Orla, e um outro pr\u00f3ximo ao Terminal da Zona Sul. O alerta vai para n\u00e3o tumultuar o tr\u00e2nsito na hora do embarque e desembarque.<\/p>\n<p style=\"text-align: justify;\"><em><strong>Acompanhe o SE Not\u00edcias no <a href=\"https:\/\/twitter.com\/Senoticias\" target=\"_blank\">Twitter<\/a> e no<a href=\"https:\/\/www.facebook.com\/PortalSENoticias\/\" target=\"_blank\"> Facebook<\/a><\/strong><\/em><br \/>\n<em><strong>Fonte: PMA<\/strong><\/em><\/p>\n<p style=\"text-align: justify;\"><em><strong>\u00a0<\/strong><\/em><\/p>\n<p style=\"text-align: justify;\"><em><strong>\u00a0<\/strong><\/em><\/p>\n","protected":false},"excerpt":{"rendered":"<p>A Superintend\u00eancia Municipal de Transportes e Tr\u00e2nsito (SMTT), em coletiva realizada nesta ter\u00e7a-feira (29) montou um esquema para facilitar o fluxo de ve\u00edculos nas vias de acesso \u00e0 Orla de Atalaia para o R\u00e9veillon 2016 no dia 31 (quinta-feira). A festa \u00e9 promovida pela Prefeitura Municipal de Aracaju (PMA), na terceira etapa da Orla de [&hellip;]<\/p>\n","protected":false},"author":3,"featured_media":87438,"comment_status":"closed","ping_status":"closed","sticky":false,"template":"","format":"standard","meta":{"footnotes":""},"categories":[38,6],"tags":[],"class_list":{"0":"post-87436","1":"post","2":"type-post","3":"status-publish","4":"format-standard","5":"has-post-thumbnail","7":"category-municipios","8":"category-politica"},"_links":{"self":[{"href":"https:\/\/senoticias.com.br\/se\/wp-json\/wp\/v2\/posts\/87436"}],"collection":[{"href":"https:\/\/senoticias.com.br\/se\/wp-json\/wp\/v2\/posts"}],"about":[{"href":"https:\/\/senoticias.com.br\/se\/wp-json\/wp\/v2\/types\/post"}],"author":[{"embeddable":true,"href":"https:\/\/senoticias.com.br\/se\/wp-json\/wp\/v2\/users\/3"}],"replies":[{"embeddable":true,"href":"https:\/\/senoticias.com.br\/se\/wp-json\/wp\/v2\/comments?post=87436"}],"version-history":[{"count":0,"href":"https:\/\/senoticias.com.br\/se\/wp-json\/wp\/v2\/posts\/87436\/revisions"}],"wp:featuredmedia":[{"embeddable":true,"href":"https:\/\/senoticias.com.br\/se\/wp-json\/wp\/v2\/media\/87438"}],"wp:attachment":[{"href":"https:\/\/senoticias.com.br\/se\/wp-json\/wp\/v2\/media?parent=87436"}],"wp:term":[{"taxonomy":"category","embeddable":true,"href":"https:\/\/senoticias.com.br\/se\/wp-json\/wp\/v2\/categories?post=87436"},{"taxonomy":"post_tag","embeddable":true,"href":"https:\/\/senoticias.com.br\/se\/wp-json\/wp\/v2\/tags?post=87436"}],"curies":[{"name":"wp","href":"https:\/\/api.w.org\/{rel}","templated":true}]}}