{"id":87432,"date":"2015-12-29T11:06:57","date_gmt":"2015-12-29T14:06:57","guid":{"rendered":"http:\/\/senoticias.com.br\/se\/?p=87432"},"modified":"2015-12-30T14:19:42","modified_gmt":"2015-12-30T17:19:42","slug":"em-virtude-de-atraso-dos-pagamentos-por-parte-da-prefeitura-de-aracaju-e-da-fundacao-hospitalar-maternidade-santa-isabel-continua-fechada","status":"publish","type":"post","link":"https:\/\/senoticias.com.br\/se\/em-virtude-de-atraso-dos-pagamentos-por-parte-da-prefeitura-de-aracaju-e-da-fundacao-hospitalar-maternidade-santa-isabel-continua-fechada\/","title":{"rendered":"Por falta de pagamentos por parte da Prefeitura de Aracaju e da Funda\u00e7\u00e3o Hospitalar, Maternidade Santa Isabel continua fechada"},"content":{"rendered":"<p style=\"text-align: justify;\">Uma das maiores maternidades p\u00fablicas de Sergipe, Santa Isabel\u00a0fechou as portas desde s\u00e1bado (26) em Aracaju,. O motivo \u00e9 o atraso dos pagamentos por parte da Secretaria Municipal de Sa\u00fade de Aracaju e da Funda\u00e7\u00e3o Hospitalar de Sa\u00fade. Confira abaixo nota de esclarecimento enviada pela Assessoria de Imprensa do Hospital e \u00a0Maternidade Santa Isabel.<\/p>\n<div id=\"attachment_87434\" style=\"width: 608px\" class=\"wp-caption aligncenter\"><a href=\"http:\/\/senoticias.com.br\/se\/wp-content\/uploads\/2015\/12\/maternidadesantaizabel-e1451398908510.jpg\"><img loading=\"lazy\" decoding=\"async\" aria-describedby=\"caption-attachment-87434\" class=\"size-full wp-image-87434\" alt=\"Dire\u00e7\u00e3o da Maternidade j\u00e1 comunicou oficialmente a situa\u00e7\u00e3o \u00e0 Secretaria Municipal de Sa\u00fade, \u00e0 Secretaria de Estado da Sa\u00fade e \u00e0 Funda\u00e7\u00e3o Hospitalar de Sa\u00fade. (Foto: arquivo\/Fl\u00e1vio Antunes\/G1 SE)\" src=\"http:\/\/senoticias.com.br\/se\/wp-content\/uploads\/2015\/12\/maternidadesantaizabel-e1451398908510.jpg\" width=\"598\" height=\"449\" \/><\/a><p id=\"caption-attachment-87434\" class=\"wp-caption-text\">Dire\u00e7\u00e3o da Maternidade j\u00e1 comunicou oficialmente a situa\u00e7\u00e3o \u00e0 Secretaria Municipal de Sa\u00fade, \u00e0 Secretaria de Estado da Sa\u00fade e \u00e0 Funda\u00e7\u00e3o Hospitalar de Sa\u00fade. (Foto: arquivo\/Fl\u00e1vio Antunes\/G1 SE)<\/p><\/div>\n<p style=\"text-align: center;\"><span style=\"font-family: Arial, sans-serif; font-size: medium;\"><b>HOSPITAL E MATERNIDADE SANTA ISABEL EMITE NOTA DE ESCLARECIMENTO<\/b><\/span><\/p>\n<div style=\"text-align: justify;\"><span style=\"font-family: Arial, sans-serif; font-size: medium;\"><span style=\"font-family: Arial, sans-serif; font-size: medium;\">\u00a0<\/span><\/span>A ASSOCIA\u00c7\u00c3O ARACAJUANA DE BENEFIC\u00caNCIA (Hospital e Maternidade Santa Isabel) informa e esclarece \u00e0 SOCIEDADE SERGIPANA a respeito de notas que est\u00e3o sendo veiculadas na m\u00eddia sobre a suspens\u00e3o das cirurgias eletivas (adulto e pedi\u00e1trica) e o fechamento tempor\u00e1rio dos plant\u00f5es na Maternidade e Hospital Santa Isabel. Tais medidas deram-se, exclusivamente, por quest\u00f5es financeiras, em virtude de atraso dos pagamentos por parte da Secretaria Municipal de Sa\u00fade de Aracaju e da Funda\u00e7\u00e3o Hospitalar de Sa\u00fade, o que ocasionou na falta de insumos (material m\u00e9dico-hospitalar, material de higiene, limpeza e alimenta\u00e7\u00e3o), impossibilitando assim a continuidade dos servi\u00e7os na unidade hospitalar.Portanto, visando garantir a integridade dos pacientes, a qualidade dos servi\u00e7os e buscando proporcionar maior dignidade, \u00e9 que os mesmos foram fechados.<br \/>\nRessaltamos que, embora tristes, preocupados e decepcionados, n\u00e3o nos restou outra sa\u00edda sen\u00e3o, por absoluta falta de recursos, suspender os servi\u00e7os citados. Alertamos, ainda, que poder\u00e3o ser fechados outros servi\u00e7os da institui\u00e7\u00e3o.<\/p>\n<p>Outrossim, esclarecemos que a Dire\u00e7\u00e3o da Associa\u00e7\u00e3o j\u00e1 comunicou oficialmente a situa\u00e7\u00e3o \u00e0 Secretaria Municipal de Sa\u00fade, \u00e0 Secretaria de Estado da Sa\u00fade e \u00e0 Funda\u00e7\u00e3o Hospitalar de Sa\u00fade.<\/p>\n<p>Informamos ainda que t\u00e3o logo essa pend\u00eancia financeira seja resolvida, os servi\u00e7os ser\u00e3o reabertos e \u00e0 disposi\u00e7\u00e3o dos usu\u00e1rios.<br \/>\nSolicitamos a compreens\u00e3o de todos.<\/p>\n<p>Aracaju\/Se, 29 de dezembro de 2015.<\/p>\n<p>&nbsp;<\/p>\n<p>Jos\u00e9 Carlos Pinheiro da Silva<br \/>\nPresidente<\/p>\n<\/div>\n<div style=\"text-align: justify;\"><strong><em>Acompanhe o SE Not\u00edcias no\u00a0<a href=\"https:\/\/twitter.com\/Senoticias\" target=\"_blank\">Twitter<\/a>\u00a0e no\u00a0<a href=\"https:\/\/www.facebook.com\/PortalSENoticias\/\" target=\"_blank\">Facebook<\/a><\/em><\/strong><\/div>\n<div style=\"text-align: justify;\"><\/div>\n<div>\n<p style=\"text-align: justify;\"><span style=\"font-family: Arial, sans-serif;\"><span style=\"font-size: large;\"><br \/>\nRafaela Fujishima (assessora de imprensa): 999776565<\/span><\/span><\/p>\n<\/div>\n","protected":false},"excerpt":{"rendered":"<p>Uma das maiores maternidades p\u00fablicas de Sergipe, Santa Isabel\u00a0fechou as portas desde s\u00e1bado (26) em Aracaju,. O motivo \u00e9 o atraso dos pagamentos por parte da Secretaria Municipal de Sa\u00fade de Aracaju e da Funda\u00e7\u00e3o Hospitalar de Sa\u00fade. Confira abaixo nota de esclarecimento enviada pela Assessoria de Imprensa do Hospital e \u00a0Maternidade Santa Isabel. HOSPITAL [&hellip;]<\/p>\n","protected":false},"author":1,"featured_media":87434,"comment_status":"closed","ping_status":"closed","sticky":false,"template":"","format":"standard","meta":{"footnotes":""},"categories":[6,1],"tags":[],"class_list":{"0":"post-87432","1":"post","2":"type-post","3":"status-publish","4":"format-standard","5":"has-post-thumbnail","7":"category-politica","8":"category-sem-categoria"},"_links":{"self":[{"href":"https:\/\/senoticias.com.br\/se\/wp-json\/wp\/v2\/posts\/87432"}],"collection":[{"href":"https:\/\/senoticias.com.br\/se\/wp-json\/wp\/v2\/posts"}],"about":[{"href":"https:\/\/senoticias.com.br\/se\/wp-json\/wp\/v2\/types\/post"}],"author":[{"embeddable":true,"href":"https:\/\/senoticias.com.br\/se\/wp-json\/wp\/v2\/users\/1"}],"replies":[{"embeddable":true,"href":"https:\/\/senoticias.com.br\/se\/wp-json\/wp\/v2\/comments?post=87432"}],"version-history":[{"count":0,"href":"https:\/\/senoticias.com.br\/se\/wp-json\/wp\/v2\/posts\/87432\/revisions"}],"wp:featuredmedia":[{"embeddable":true,"href":"https:\/\/senoticias.com.br\/se\/wp-json\/wp\/v2\/media\/87434"}],"wp:attachment":[{"href":"https:\/\/senoticias.com.br\/se\/wp-json\/wp\/v2\/media?parent=87432"}],"wp:term":[{"taxonomy":"category","embeddable":true,"href":"https:\/\/senoticias.com.br\/se\/wp-json\/wp\/v2\/categories?post=87432"},{"taxonomy":"post_tag","embeddable":true,"href":"https:\/\/senoticias.com.br\/se\/wp-json\/wp\/v2\/tags?post=87432"}],"curies":[{"name":"wp","href":"https:\/\/api.w.org\/{rel}","templated":true}]}}