{"id":87421,"date":"2015-12-28T20:16:26","date_gmt":"2015-12-28T23:16:26","guid":{"rendered":"http:\/\/senoticias.com.br\/se\/?p=87421"},"modified":"2015-12-29T11:24:38","modified_gmt":"2015-12-29T14:24:38","slug":"maternidade-santa-isabel-fecha-portas-por-falta-de-material","status":"publish","type":"post","link":"https:\/\/senoticias.com.br\/se\/maternidade-santa-isabel-fecha-portas-por-falta-de-material\/","title":{"rendered":"Maternidade Santa Isabel fecha portas por falta de material."},"content":{"rendered":"<p style=\"text-align: justify;\">Uma das maiores maternidades p\u00fablicas de Sergipe, Santa Isabel, est\u00e1 fechada desde s\u00e1bado (26). Gr\u00e1vidas de v\u00e1rias partes do Estado lotaram outras unidades para tentar ter os beb\u00eas sem depender da maternidade, que parou por falta de material.<\/p>\n<div id=\"attachment_81548\" style=\"width: 606px\" class=\"wp-caption aligncenter\"><a href=\"http:\/\/senoticias.com.br\/se\/wp-content\/uploads\/2015\/07\/gravidez_11_620-e1451344501171.jpg\"><img loading=\"lazy\" decoding=\"async\" aria-describedby=\"caption-attachment-81548\" class=\"size-full wp-image-81548\" alt=\"Foto: Divulga\u00e7\u00e3o \" src=\"http:\/\/senoticias.com.br\/se\/wp-content\/uploads\/2015\/07\/gravidez_11_620-e1451344501171.jpg\" width=\"596\" height=\"336\" \/><\/a><p id=\"caption-attachment-81548\" class=\"wp-caption-text\">Foto: Divulga\u00e7\u00e3o<\/p><\/div>\n<p style=\"text-align: justify;\">Al\u00e9m da falta de material, os acompanhantes reclamam da falta de m\u00e9dicos.<br \/>\nNa maternidade Nossa Senhora de Lurdes, especializada no atendimento as gr\u00e1vidas de risco, resultado \u00e9 uma recep\u00e7\u00e3o lotada.<br \/>\nNa unidade o atendimento obedece a classifica\u00e7\u00e3o de risco e como h\u00e1 superlota\u00e7\u00e3o o atendimento \u00e9 lento e a espera pode ser longa.<br \/>\nA Secretaria de Estado da Sa\u00fade montou uma for\u00e7a tarefa e a previs\u00e3o \u00e9 que ainda nesta segunda-feira (29), a maternidade do Hospital Regional Z\u00e9 Franco, em Nossa Senhora do Socorro, receba as gestantes.<\/p>\n<p style=\"text-align: justify;\"><strong><em>Acompanhe o SE Not\u00edcias no <a href=\"https:\/\/twitter.com\/Senoticias\" target=\"_blank\">Twitter<\/a> e no <a href=\"https:\/\/www.facebook.com\/PortalSENoticias\/\" target=\"_blank\">Facebook<\/a><\/em><\/strong><\/p>\n<p><strong><em>Fonte: G1 SE.<\/em><\/strong><\/p>\n","protected":false},"excerpt":{"rendered":"<p>Uma das maiores maternidades p\u00fablicas de Sergipe, Santa Isabel, est\u00e1 fechada desde s\u00e1bado (26). Gr\u00e1vidas de v\u00e1rias partes do Estado lotaram outras unidades para tentar ter os beb\u00eas sem depender da maternidade, que parou por falta de material. Al\u00e9m da falta de material, os acompanhantes reclamam da falta de m\u00e9dicos. Na maternidade Nossa Senhora de [&hellip;]<\/p>\n","protected":false},"author":3,"featured_media":81548,"comment_status":"closed","ping_status":"closed","sticky":false,"template":"","format":"standard","meta":{"footnotes":""},"categories":[6,20],"tags":[],"class_list":{"0":"post-87421","1":"post","2":"type-post","3":"status-publish","4":"format-standard","5":"has-post-thumbnail","7":"category-politica","8":"category-saude"},"_links":{"self":[{"href":"https:\/\/senoticias.com.br\/se\/wp-json\/wp\/v2\/posts\/87421"}],"collection":[{"href":"https:\/\/senoticias.com.br\/se\/wp-json\/wp\/v2\/posts"}],"about":[{"href":"https:\/\/senoticias.com.br\/se\/wp-json\/wp\/v2\/types\/post"}],"author":[{"embeddable":true,"href":"https:\/\/senoticias.com.br\/se\/wp-json\/wp\/v2\/users\/3"}],"replies":[{"embeddable":true,"href":"https:\/\/senoticias.com.br\/se\/wp-json\/wp\/v2\/comments?post=87421"}],"version-history":[{"count":0,"href":"https:\/\/senoticias.com.br\/se\/wp-json\/wp\/v2\/posts\/87421\/revisions"}],"wp:featuredmedia":[{"embeddable":true,"href":"https:\/\/senoticias.com.br\/se\/wp-json\/wp\/v2\/media\/81548"}],"wp:attachment":[{"href":"https:\/\/senoticias.com.br\/se\/wp-json\/wp\/v2\/media?parent=87421"}],"wp:term":[{"taxonomy":"category","embeddable":true,"href":"https:\/\/senoticias.com.br\/se\/wp-json\/wp\/v2\/categories?post=87421"},{"taxonomy":"post_tag","embeddable":true,"href":"https:\/\/senoticias.com.br\/se\/wp-json\/wp\/v2\/tags?post=87421"}],"curies":[{"name":"wp","href":"https:\/\/api.w.org\/{rel}","templated":true}]}}