{"id":87420,"date":"2015-12-28T20:06:51","date_gmt":"2015-12-28T23:06:51","guid":{"rendered":"http:\/\/senoticias.com.br\/se\/?p=87420"},"modified":"2015-12-28T21:35:06","modified_gmt":"2015-12-29T00:35:06","slug":"programacao-do-reveillon-de-aracaju-atrai-turistas-de-todo-brasil","status":"publish","type":"post","link":"https:\/\/senoticias.com.br\/se\/programacao-do-reveillon-de-aracaju-atrai-turistas-de-todo-brasil\/","title":{"rendered":"Programa\u00e7\u00e3o do r\u00e9veillon de Aracaju atrai turistas de todo Brasil, diz prefeitura."},"content":{"rendered":"<p style=\"text-align: justify;\">\n<p style=\"text-align: justify;\">A procura pelo r\u00e9veillon na cidade de Aracaju tem surpreendido a rede hoteleira. Dados da Associa\u00e7\u00e3o Brasileira da Ind\u00fastria de Hot\u00e9is seccional Sergipe (ABIH\/SE) revelam que a ocupa\u00e7\u00e3o pode chegar a 95% at\u00e9 o dia da virada de ano. Um dos principais fatores que justificam a procura tem sido a din\u00e2mica da cidade \u2013 que muitos turistas a consideram tranquila \u2013 e as op\u00e7\u00f5es para festejar o fim de 2015.<\/p>\n<div id=\"attachment_74406\" style=\"width: 606px\" class=\"wp-caption aligncenter\"><a href=\"http:\/\/senoticias.com.br\/se\/wp-content\/uploads\/2014\/12\/grande-reveillon_orla_fotoanaliciamenezes_301214-e1451343946546.jpg\"><img loading=\"lazy\" decoding=\"async\" aria-describedby=\"caption-attachment-74406\" class=\"size-full wp-image-74406\" alt=\"R\u00e9veillon em Aracaju ter\u00e1 grandes atra\u00e7\u00f5es (Foto: Ana L\u00edcia Menezes) \" src=\"http:\/\/senoticias.com.br\/se\/wp-content\/uploads\/2014\/12\/grande-reveillon_orla_fotoanaliciamenezes_301214-e1451343946546.jpg\" width=\"596\" height=\"396\" \/><\/a><p id=\"caption-attachment-74406\" class=\"wp-caption-text\">R\u00e9veillon em Aracaju ter\u00e1 grandes atra\u00e7\u00f5es (Foto: Ana L\u00edcia Menezes)<\/p><\/div>\n<p style=\"text-align: justify;\">Segundo a presidente da ABIH\/SE, Daniela Mesquita, em anos anteriores, a procura por Aracaju para passar o r\u00e9veillon foi menor. \u201cCom 20 dias antes, t\u00ednhamos uma m\u00e9dia de 50% de ocupa\u00e7\u00e3o\u201d, conta. Ela ressalta que hoje, a rede j\u00e1 conta com 80% de sua ocupa\u00e7\u00e3o e um dos principais motivos s\u00e3o os festejos do fim de ano. \u201cA procura de fato \u00e9 o turismo de lazer. Faltando praticamente 10 dias para o r\u00e9veillon e j\u00e1 alcan\u00e7amos quase toda nossa capacidade. Acredito que chegaremos a 95% de ocupa\u00e7\u00e3o porque tem aqueles clientes que deixam para \u00faltima hora\u201d, salientou.<\/p>\n<p style=\"text-align: justify;\">A presidente da ABIH\/SE \u00e9 otimista e prev\u00ea que a nova din\u00e2mica no turismo aracajuano ir\u00e1 se estender de janeiro at\u00e9 o carnaval e aquecer a economia nesse per\u00edodo. \u201cO perfil de turista de Aracaju \u00e9 aquele que vem buscar tranquilidade e busca nossos passeios para conhecer cart\u00f5es postais, mas tamb\u00e9m quer aproveitar as festa daqui. Essa nova movimenta\u00e7\u00e3o pode dar uma aquecida em nossa economia e se estender at\u00e9 fevereiro. Pode ser que em 2016 tenhamos um ver\u00e3o mais movimentado que em 2015. O turismo atinge mais de 50 segmentos e essa movimenta\u00e7\u00e3o com certeza ir\u00e1 fortalecer nossa economia\u201d, destacou.<\/p>\n<p style=\"text-align: justify;\"><strong><em>Acompanhe o SE Not\u00edcias no <a href=\"https:\/\/twitter.com\/Senoticias\" target=\"_blank\">Twitter<\/a> e no <a href=\"https:\/\/www.facebook.com\/PortalSENoticias\/\" target=\"_blank\">Facebook<\/a><\/em><\/strong><\/p>\n<p><strong><em>Fonte: PMA.<\/em><\/strong><\/p>\n","protected":false},"excerpt":{"rendered":"<p>A procura pelo r\u00e9veillon na cidade de Aracaju tem surpreendido a rede hoteleira. Dados da Associa\u00e7\u00e3o Brasileira da Ind\u00fastria de Hot\u00e9is seccional Sergipe (ABIH\/SE) revelam que a ocupa\u00e7\u00e3o pode chegar a 95% at\u00e9 o dia da virada de ano. Um dos principais fatores que justificam a procura tem sido a din\u00e2mica da cidade \u2013 que [&hellip;]<\/p>\n","protected":false},"author":3,"featured_media":73510,"comment_status":"closed","ping_status":"closed","sticky":false,"template":"","format":"standard","meta":{"footnotes":""},"categories":[6],"tags":[],"class_list":{"0":"post-87420","1":"post","2":"type-post","3":"status-publish","4":"format-standard","5":"has-post-thumbnail","7":"category-politica"},"_links":{"self":[{"href":"https:\/\/senoticias.com.br\/se\/wp-json\/wp\/v2\/posts\/87420"}],"collection":[{"href":"https:\/\/senoticias.com.br\/se\/wp-json\/wp\/v2\/posts"}],"about":[{"href":"https:\/\/senoticias.com.br\/se\/wp-json\/wp\/v2\/types\/post"}],"author":[{"embeddable":true,"href":"https:\/\/senoticias.com.br\/se\/wp-json\/wp\/v2\/users\/3"}],"replies":[{"embeddable":true,"href":"https:\/\/senoticias.com.br\/se\/wp-json\/wp\/v2\/comments?post=87420"}],"version-history":[{"count":0,"href":"https:\/\/senoticias.com.br\/se\/wp-json\/wp\/v2\/posts\/87420\/revisions"}],"wp:featuredmedia":[{"embeddable":true,"href":"https:\/\/senoticias.com.br\/se\/wp-json\/wp\/v2\/media\/73510"}],"wp:attachment":[{"href":"https:\/\/senoticias.com.br\/se\/wp-json\/wp\/v2\/media?parent=87420"}],"wp:term":[{"taxonomy":"category","embeddable":true,"href":"https:\/\/senoticias.com.br\/se\/wp-json\/wp\/v2\/categories?post=87420"},{"taxonomy":"post_tag","embeddable":true,"href":"https:\/\/senoticias.com.br\/se\/wp-json\/wp\/v2\/tags?post=87420"}],"curies":[{"name":"wp","href":"https:\/\/api.w.org\/{rel}","templated":true}]}}