{"id":87418,"date":"2015-12-28T20:00:10","date_gmt":"2015-12-28T23:00:10","guid":{"rendered":"http:\/\/senoticias.com.br\/se\/?p=87418"},"modified":"2015-12-28T20:00:10","modified_gmt":"2015-12-28T23:00:10","slug":"operacao-comercio-mais-seguro-2015-registra-reducao-de-33-no-indice-de-roubo","status":"publish","type":"post","link":"https:\/\/senoticias.com.br\/se\/operacao-comercio-mais-seguro-2015-registra-reducao-de-33-no-indice-de-roubo\/","title":{"rendered":"Opera\u00e7\u00e3o Com\u00e9rcio Mais Seguro 2015 registra redu\u00e7\u00e3o de 33% no \u00edndice de roubo"},"content":{"rendered":"<p style=\"text-align: justify;\">A Coordena\u00e7\u00e3o de Estat\u00edstica e An\u00e1lise Criminal (Ceacrim) da Secretaria de Estado da Seguran\u00e7a P\u00fablica divulgou, esta semana, um quadro comparativo da Opera\u00e7\u00e3o &#8220;Com\u00e9rcio Mais Seguro&#8221; referente aos anos de 2014 e 2015. Os dados evidenciam as ocorr\u00eancias policiais registradas durante o refor\u00e7o do policiamento ostensivo na regi\u00e3o do Centro e bairros Siqueira Campos e Treze de Julho, em Aracaju, durante o per\u00edodo dos festejos natalinos e de final de ano.<\/p>\n<div id=\"attachment_87419\" style=\"width: 606px\" class=\"wp-caption aligncenter\"><a href=\"http:\/\/senoticias.com.br\/se\/wp-content\/uploads\/2015\/12\/3601449331-seguranca-e1451343537398.jpeg\"><img loading=\"lazy\" decoding=\"async\" aria-describedby=\"caption-attachment-87419\" class=\"size-full wp-image-87419\" alt=\"Foto:Divulga\u00e7\u00e3o Portal  A8.\" src=\"http:\/\/senoticias.com.br\/se\/wp-content\/uploads\/2015\/12\/3601449331-seguranca-e1451343537398.jpeg\" width=\"596\" height=\"398\" \/><\/a><p id=\"caption-attachment-87419\" class=\"wp-caption-text\">Foto:Divulga\u00e7\u00e3o Portal A8.<\/p><\/div>\n<p style=\"text-align: justify;\">A primeira observa\u00e7\u00e3o positiva a respeito do quadro comparativo \u00e9 em rela\u00e7\u00e3o ao emprego de policiais militares. No exerc\u00edcio de 2015, com a experi\u00eancia do ano anterior, foram empregados mais policiais militares na \u00e1rea comercial, e por conta desse emprego, houve uma redu\u00e7\u00e3o de 15% dos acionamentos \u00e0 Pol\u00edcia Militar, o que se pode deduzir a inibi\u00e7\u00e3o de pr\u00e1ticas de crimes pela ostensividade do policiamento preventivo.<\/p>\n<p style=\"text-align: justify;\">Outro indicador bastante favor\u00e1vel aos consumidores e comerciantes no exerc\u00edcio de 2015 foi a redu\u00e7\u00e3o de 33% dos crimes de roubo em rela\u00e7\u00e3o ao exerc\u00edcio de 2014. No ano de 2014 houve 228 roubos no geral, em compara\u00e7\u00e3o aos 153 roubos registrados em 2015.<\/p>\n<p style=\"text-align: justify;\">Em rela\u00e7\u00e3o \u00e0 taxa de atendimento geral aos usu\u00e1rios do servi\u00e7o de policiamento ostensivo, houve um indicador preponderante para o sucesso da redu\u00e7\u00e3o dos roubos e acionamentos pela sociedade, haja vista que 2015 a PM conseguiu atender 15% a mais em rela\u00e7\u00e3o ao exerc\u00edcio de 2015. Tal resultado decorre do aumento do efetivo nas ruas, atendendo satisfatoriamente a demanda reprimida do ano anterior.<\/p>\n<p style=\"text-align: justify;\">Por fim, em rela\u00e7\u00e3o \u00e0s condu\u00e7\u00f5es, ou seja, flagrantes e procedimentos junto \u00e0s delegacias plantonistas, houve uma queda de 34% em rela\u00e7\u00e3o ao ano anterior, em todas as localidades onde foi empregado o efetivo policial na Opera\u00e7\u00e3o &#8220;Com\u00e9rcio Mais Seguro&#8221;. Todos os dados s\u00e3o fruto do trabalho comprometido e qualificado da Pol\u00edcia Militar, em prol da sociedade sergipana.<\/p>\n<p style=\"text-align: justify;\">\n<p style=\"text-align: justify;\"><strong><em>Acompanhe o SE Not\u00edcias no <a href=\"https:\/\/twitter.com\/Senoticias\" target=\"_blank\">Twitter<\/a> e no <a href=\"https:\/\/www.facebook.com\/PortalSENoticias\/\" target=\"_blank\">Facebook<\/a><\/em><\/strong><\/p>\n<p style=\"text-align: justify;\">\n<p><strong><em>Fonte:Portal A8.<\/em><\/strong><\/p>\n<p style=\"text-align: justify;\">\n","protected":false},"excerpt":{"rendered":"<p>A Coordena\u00e7\u00e3o de Estat\u00edstica e An\u00e1lise Criminal (Ceacrim) da Secretaria de Estado da Seguran\u00e7a P\u00fablica divulgou, esta semana, um quadro comparativo da Opera\u00e7\u00e3o &#8220;Com\u00e9rcio Mais Seguro&#8221; referente aos anos de 2014 e 2015. Os dados evidenciam as ocorr\u00eancias policiais registradas durante o refor\u00e7o do policiamento ostensivo na regi\u00e3o do Centro e bairros Siqueira Campos e [&hellip;]<\/p>\n","protected":false},"author":3,"featured_media":87419,"comment_status":"closed","ping_status":"closed","sticky":false,"template":"","format":"standard","meta":{"footnotes":""},"categories":[7],"tags":[],"class_list":{"0":"post-87418","1":"post","2":"type-post","3":"status-publish","4":"format-standard","5":"has-post-thumbnail","7":"category-policia"},"_links":{"self":[{"href":"https:\/\/senoticias.com.br\/se\/wp-json\/wp\/v2\/posts\/87418"}],"collection":[{"href":"https:\/\/senoticias.com.br\/se\/wp-json\/wp\/v2\/posts"}],"about":[{"href":"https:\/\/senoticias.com.br\/se\/wp-json\/wp\/v2\/types\/post"}],"author":[{"embeddable":true,"href":"https:\/\/senoticias.com.br\/se\/wp-json\/wp\/v2\/users\/3"}],"replies":[{"embeddable":true,"href":"https:\/\/senoticias.com.br\/se\/wp-json\/wp\/v2\/comments?post=87418"}],"version-history":[{"count":0,"href":"https:\/\/senoticias.com.br\/se\/wp-json\/wp\/v2\/posts\/87418\/revisions"}],"wp:featuredmedia":[{"embeddable":true,"href":"https:\/\/senoticias.com.br\/se\/wp-json\/wp\/v2\/media\/87419"}],"wp:attachment":[{"href":"https:\/\/senoticias.com.br\/se\/wp-json\/wp\/v2\/media?parent=87418"}],"wp:term":[{"taxonomy":"category","embeddable":true,"href":"https:\/\/senoticias.com.br\/se\/wp-json\/wp\/v2\/categories?post=87418"},{"taxonomy":"post_tag","embeddable":true,"href":"https:\/\/senoticias.com.br\/se\/wp-json\/wp\/v2\/tags?post=87418"}],"curies":[{"name":"wp","href":"https:\/\/api.w.org\/{rel}","templated":true}]}}