{"id":87416,"date":"2015-12-29T08:30:24","date_gmt":"2015-12-29T11:30:24","guid":{"rendered":"http:\/\/senoticias.com.br\/se\/?p=87416"},"modified":"2015-12-30T13:02:30","modified_gmt":"2015-12-30T16:02:30","slug":"confira-os-horarios-dos-shows-da-virada-nas-orlas-da-atalaia-e-por-do-sol","status":"publish","type":"post","link":"https:\/\/senoticias.com.br\/se\/confira-os-horarios-dos-shows-da-virada-nas-orlas-da-atalaia-e-por-do-sol\/","title":{"rendered":"Confira os hor\u00e1rios dos shows da virada nas orlas da Atalaia e Por do Sol"},"content":{"rendered":"<p style=\"text-align: justify;\">Em Aracaju, a festa da virada de ano na Orla da Atalaia acontecer\u00e1 a partir das 19h desta quinta-feira (31). O evento ter\u00e1 shows de Luan Estilizado, Rivando G\u00f3is em tributo a Raul Seixas e das bandas Burburinho, \u00c1gua Viva, Jorginho do Imp\u00e9rio, Armandinho, Dod\u00f4 e Osmar e Maysa Reis.<\/p>\n<p style=\"text-align: justify;\">De acordo com a Prefeitura de Aracaju, a festa de r\u00e9veillon tamb\u00e9m ser\u00e1 realizada na Orla P\u00f4r do Sol, no Mosqueiro, e a anima\u00e7\u00e3o ficar\u00e1 por conta de \u00c9lio Lima, As Patricinhas, Tierry, Jambahia e Jr. Ferrari.<\/p>\n<div id=\"attachment_87427\" style=\"width: 608px\" class=\"wp-caption aligncenter\"><a href=\"http:\/\/senoticias.com.br\/se\/wp-content\/uploads\/2015\/12\/luan_estilizado-e1451388659723.jpg\"><img loading=\"lazy\" decoding=\"async\" aria-describedby=\"caption-attachment-87427\" class=\"size-full wp-image-87427\" alt=\"Luan Estilizado vai comandar o show da virada (Foto: Divulga\u00e7\u00e3o)\" src=\"http:\/\/senoticias.com.br\/se\/wp-content\/uploads\/2015\/12\/luan_estilizado-e1451388659723.jpg\" width=\"598\" height=\"449\" \/><\/a><p id=\"caption-attachment-87427\" class=\"wp-caption-text\">Luan Estilizado vai comandar o show da virada (Foto: Divulga\u00e7\u00e3o)<\/p><\/div>\n<p>Confira os hor\u00e1rios dos shows:<\/p>\n<p><strong><em>Acompanhe o SE Not\u00edcias no\u00a0<a href=\"https:\/\/twitter.com\/Senoticias\" target=\"_blank\">Twitter<\/a>\u00a0e no\u00a0<a href=\"https:\/\/www.facebook.com\/PortalSENoticias\/\" target=\"_blank\">Facebook<\/a><\/em><\/strong><\/p>\n<p><strong>Orla da Atalaia<\/strong><br \/>\n19h &#8211; Rivando G\u00f3is em tributo a Raul Seixas<br \/>\n20h &#8211; Burburinho<br \/>\n21h &#8211; Banda \u00c1gua Viva<br \/>\n22h &#8211; Jorginho do Imp\u00e9rio<br \/>\n23h30 &#8211; Luan Estilizado<br \/>\n1h &#8211;\u00a0 Banda Armandinho, Dod\u00f4 e Osmar<br \/>\n2h30 &#8211; Maysa Reis<\/p>\n<p><strong>Orla P\u00f4r do Sol<\/strong><br \/>\n20h &#8211; As Patricinhas<br \/>\n21h &#8211; \u00c9lio Lima<br \/>\n23h &#8211; Tierry<br \/>\n1h &#8211; Jambahia<br \/>\n2h30 &#8211; Jr. Ferrari<\/p>\n","protected":false},"excerpt":{"rendered":"<p>Em Aracaju, a festa da virada de ano na Orla da Atalaia acontecer\u00e1 a partir das 19h desta quinta-feira (31). O evento ter\u00e1 shows de Luan Estilizado, Rivando G\u00f3is em tributo a Raul Seixas e das bandas Burburinho, \u00c1gua Viva, Jorginho do Imp\u00e9rio, Armandinho, Dod\u00f4 e Osmar e Maysa Reis. De acordo com a Prefeitura [&hellip;]<\/p>\n","protected":false},"author":1,"featured_media":87427,"comment_status":"closed","ping_status":"closed","sticky":false,"template":"","format":"standard","meta":{"footnotes":""},"categories":[6,1],"tags":[],"class_list":{"0":"post-87416","1":"post","2":"type-post","3":"status-publish","4":"format-standard","5":"has-post-thumbnail","7":"category-politica","8":"category-sem-categoria"},"_links":{"self":[{"href":"https:\/\/senoticias.com.br\/se\/wp-json\/wp\/v2\/posts\/87416"}],"collection":[{"href":"https:\/\/senoticias.com.br\/se\/wp-json\/wp\/v2\/posts"}],"about":[{"href":"https:\/\/senoticias.com.br\/se\/wp-json\/wp\/v2\/types\/post"}],"author":[{"embeddable":true,"href":"https:\/\/senoticias.com.br\/se\/wp-json\/wp\/v2\/users\/1"}],"replies":[{"embeddable":true,"href":"https:\/\/senoticias.com.br\/se\/wp-json\/wp\/v2\/comments?post=87416"}],"version-history":[{"count":0,"href":"https:\/\/senoticias.com.br\/se\/wp-json\/wp\/v2\/posts\/87416\/revisions"}],"wp:featuredmedia":[{"embeddable":true,"href":"https:\/\/senoticias.com.br\/se\/wp-json\/wp\/v2\/media\/87427"}],"wp:attachment":[{"href":"https:\/\/senoticias.com.br\/se\/wp-json\/wp\/v2\/media?parent=87416"}],"wp:term":[{"taxonomy":"category","embeddable":true,"href":"https:\/\/senoticias.com.br\/se\/wp-json\/wp\/v2\/categories?post=87416"},{"taxonomy":"post_tag","embeddable":true,"href":"https:\/\/senoticias.com.br\/se\/wp-json\/wp\/v2\/tags?post=87416"}],"curies":[{"name":"wp","href":"https:\/\/api.w.org\/{rel}","templated":true}]}}