{"id":87412,"date":"2015-12-28T18:15:33","date_gmt":"2015-12-28T21:15:33","guid":{"rendered":"http:\/\/senoticias.com.br\/se\/?p=87412"},"modified":"2015-12-29T21:34:59","modified_gmt":"2015-12-30T00:34:59","slug":"vereadores-no-maranhao-vao-devolver-r-24-980-que-receberam-sem-trabalhar","status":"publish","type":"post","link":"https:\/\/senoticias.com.br\/se\/vereadores-no-maranhao-vao-devolver-r-24-980-que-receberam-sem-trabalhar\/","title":{"rendered":"Vereadores no Maranh\u00e3o v\u00e3o devolver R$ 24.980 que receberam sem trabalhar"},"content":{"rendered":"<p style=\"text-align: justify;\"><strong><em>Estad\u00e3o Conte\u00fado<\/em><\/strong><\/p>\n<p style=\"text-align: justify;\">O Minist\u00e9rio P\u00fablico do Maranh\u00e3o firmou Termos de Ajustamento de Conduta (TACs) com os vereadores da pequena Godofredo Viana \u2013 cidade localizada a quase 600 quil\u00f4metros da capital S\u00e3o Lu\u00eds -, Jorge Alberto Pereira Alves (PTB), o Professor Jorge, e Nelinaldo de Azevedo Queiroz (PSC), estabelecendo o ressarcimento de valores recebidos irregularmente dos cofres p\u00fablicos.<\/p>\n<div id=\"attachment_87414\" style=\"width: 590px\" class=\"wp-caption aligncenter\"><a href=\"http:\/\/senoticias.com.br\/se\/wp-content\/uploads\/2015\/12\/receita-dinheiro.jpg\"><img loading=\"lazy\" decoding=\"async\" aria-describedby=\"caption-attachment-87414\" class=\"size-full wp-image-87414\" alt=\"receberam ilegalmente remunera\u00e7\u00f5es de cargos cujas fun\u00e7\u00f5es n\u00e3o exerciam, segundo o Minist\u00e9rio P\u00fablico.(Foto:Divulga\u00e7\u00e3o\/Net)\" src=\"http:\/\/senoticias.com.br\/se\/wp-content\/uploads\/2015\/12\/receita-dinheiro.jpg\" width=\"580\" height=\"387\" srcset=\"https:\/\/senoticias.com.br\/se\/wp-content\/uploads\/2015\/12\/receita-dinheiro.jpg 580w, https:\/\/senoticias.com.br\/se\/wp-content\/uploads\/2015\/12\/receita-dinheiro-300x200.jpg 300w, https:\/\/senoticias.com.br\/se\/wp-content\/uploads\/2015\/12\/receita-dinheiro-342x228.jpg 342w\" sizes=\"(max-width: 580px) 100vw, 580px\" \/><\/a><p id=\"caption-attachment-87414\" class=\"wp-caption-text\">Os dois vereadores receberam ilegalmente remunera\u00e7\u00f5es de cargos cujas fun\u00e7\u00f5es n\u00e3o exerciam, segundo o Minist\u00e9rio P\u00fablico.(Foto:Divulga\u00e7\u00e3o\/Net)<\/p><\/div>\n<p style=\"text-align: justify;\">Ambos receberam ilegalmente remunera\u00e7\u00f5es de cargos cujas fun\u00e7\u00f5es n\u00e3o exerciam, segundo o Minist\u00e9rio P\u00fablico.<\/p>\n<p style=\"text-align: justify;\">Jorge Alves recebeu sal\u00e1rios de professor municipal durante o per\u00edodo de mar\u00e7o a novembro de 2015, totalizando R$ 16.482. Nos meses de janeiro a outubro do mesmo ano, Queiroz recebeu o montante de R$ 8.498 da Guarda Municipal de Godofredo Viana.<\/p>\n<p style=\"text-align: justify;\">Os acordos foram propostos pelo titular da Promotoria de Justi\u00e7a da Comarca de C\u00e2ndido Mendes (sob cuja jurisdi\u00e7\u00e3o se encontra Godofredo Viana), M\u00e1rcio Ant\u00f4nio Alves de Oliveira.<\/p>\n<p style=\"text-align: justify;\">O munic\u00edpio de Godofredo Viana tem cerca de 11 mi habitantes (Censo 2010) e fica localizado na fronteira do Maranh\u00e3o com o Par\u00e1.<\/p>\n<p style=\"text-align: justify;\">Pelo Termo de Ajustamento de Conduta assinado por Jorge Alves \u2013 que foi eleito em 2012 pela Coliga\u00e7\u00e3o Justi\u00e7a e Desenvolvimento \u2013 para ressarcir os valores recebidos irregularmente, o vereador compromete-se a dar 20 horas-aula semanais, no turno vespertino durante o ano letivo de 2016, nas escolas Iolanda Costa e Silva ou Maria do Ros\u00e1rio.<\/p>\n<p style=\"text-align: justify;\">Outra obriga\u00e7\u00e3o estabelecida \u00e9 a apresenta\u00e7\u00e3o ao Minist\u00e9rio P\u00fablico do Maranh\u00e3o, at\u00e9 o quinto dia \u00fatil do m\u00eas seguinte, a c\u00f3pia do livro de ponto e o conte\u00fado das aulas. Caso concorra \u00e0 reelei\u00e7\u00e3o em 2016, o prazo final para concluir o ressarcimento ao Munic\u00edpio \u00e9 o final do m\u00eas de abril de 2017.<\/p>\n<p style=\"text-align: justify;\">No caso de Nelinaldo Queiroz, a devolu\u00e7\u00e3o dos valores deve ser feita por meio de 10 parcelas mensais, descontadas diretamente do sal\u00e1rio recebido da C\u00e2mara Municipal de Godofredo Viana.<\/p>\n<p style=\"text-align: justify;\">Queiroz tamb\u00e9m est\u00e1 obrigado a apresentar \u00e0 Promotoria, at\u00e9 o quinto dia \u00fatil do m\u00eas seguinte, a c\u00f3pia de seu contracheque, no qual deve constar o desconto das parcelas acordadas.<\/p>\n<p style=\"text-align: justify;\">As multas por descumprimento estabelecidas nos acordos s\u00e3o R$ 8 498 para Nelinado Queiroz e R$ 2 mil por m\u00eas de atraso no caso de Jorge Alves. A reportagem tentou contato com os vereadores, mas ningu\u00e9m atendeu na C\u00e2mara de Godofredo Viana.<\/p>\n<p style=\"text-align: justify;\"><strong><em>Acompanhe o SE Not\u00edcias no\u00a0<a href=\"https:\/\/twitter.com\/Senoticias\" target=\"_blank\">Twitter<\/a>\u00a0e no\u00a0<a href=\"https:\/\/www.facebook.com\/PortalSENoticias\/\" target=\"_blank\">Facebook<\/a><\/em><\/strong><\/p>\n","protected":false},"excerpt":{"rendered":"<p>Estad\u00e3o Conte\u00fado O Minist\u00e9rio P\u00fablico do Maranh\u00e3o firmou Termos de Ajustamento de Conduta (TACs) com os vereadores da pequena Godofredo Viana \u2013 cidade localizada a quase 600 quil\u00f4metros da capital S\u00e3o Lu\u00eds -, Jorge Alberto Pereira Alves (PTB), o Professor Jorge, e Nelinaldo de Azevedo Queiroz (PSC), estabelecendo o ressarcimento de valores recebidos irregularmente dos [&hellip;]<\/p>\n","protected":false},"author":1,"featured_media":87414,"comment_status":"closed","ping_status":"closed","sticky":false,"template":"","format":"standard","meta":{"footnotes":""},"categories":[6],"tags":[],"class_list":{"0":"post-87412","1":"post","2":"type-post","3":"status-publish","4":"format-standard","5":"has-post-thumbnail","7":"category-politica"},"_links":{"self":[{"href":"https:\/\/senoticias.com.br\/se\/wp-json\/wp\/v2\/posts\/87412"}],"collection":[{"href":"https:\/\/senoticias.com.br\/se\/wp-json\/wp\/v2\/posts"}],"about":[{"href":"https:\/\/senoticias.com.br\/se\/wp-json\/wp\/v2\/types\/post"}],"author":[{"embeddable":true,"href":"https:\/\/senoticias.com.br\/se\/wp-json\/wp\/v2\/users\/1"}],"replies":[{"embeddable":true,"href":"https:\/\/senoticias.com.br\/se\/wp-json\/wp\/v2\/comments?post=87412"}],"version-history":[{"count":0,"href":"https:\/\/senoticias.com.br\/se\/wp-json\/wp\/v2\/posts\/87412\/revisions"}],"wp:featuredmedia":[{"embeddable":true,"href":"https:\/\/senoticias.com.br\/se\/wp-json\/wp\/v2\/media\/87414"}],"wp:attachment":[{"href":"https:\/\/senoticias.com.br\/se\/wp-json\/wp\/v2\/media?parent=87412"}],"wp:term":[{"taxonomy":"category","embeddable":true,"href":"https:\/\/senoticias.com.br\/se\/wp-json\/wp\/v2\/categories?post=87412"},{"taxonomy":"post_tag","embeddable":true,"href":"https:\/\/senoticias.com.br\/se\/wp-json\/wp\/v2\/tags?post=87412"}],"curies":[{"name":"wp","href":"https:\/\/api.w.org\/{rel}","templated":true}]}}