{"id":87409,"date":"2015-12-28T17:26:24","date_gmt":"2015-12-28T20:26:24","guid":{"rendered":"http:\/\/senoticias.com.br\/se\/?p=87409"},"modified":"2015-12-30T06:29:41","modified_gmt":"2015-12-30T09:29:41","slug":"concurso-do-ibge-20152016-edital-publicado","status":"publish","type":"post","link":"https:\/\/senoticias.com.br\/se\/concurso-do-ibge-20152016-edital-publicado\/","title":{"rendered":"Concurso do IBGE 2015\/2016: Edital publicado"},"content":{"rendered":"<p>&nbsp;<\/p>\n<p style=\"text-align: justify;\">Nesta segunda-feira, 28 de dezembro, foram divulgados no Di\u00e1rio Oficial da Uni\u00e3o os editais para o Concurso do IBGE 2016. A oferta \u00e9 de 600 vagas para os cargos de T\u00e9cnico, Analista e Tecnologista para diversas regi\u00f5es.<\/p>\n<div id=\"attachment_77835\" style=\"width: 608px\" class=\"wp-caption aligncenter\"><a href=\"http:\/\/senoticias.com.br\/se\/wp-content\/uploads\/2015\/03\/90f69639f0add91e61380cfb70c7c776-e1451334286456.jpg\"><img loading=\"lazy\" decoding=\"async\" aria-describedby=\"caption-attachment-77835\" class=\"size-full wp-image-77835\" alt=\"O Concurso do IBGE 2015 est\u00e1 oferecendo 600 vagas com sal\u00e1rios que chegam \u00e0 R$8.000,00. Provas ser\u00e3o em abril de 2016.(Foto: Divulga\u00e7\u00e3o\/ IBGE) \" src=\"http:\/\/senoticias.com.br\/se\/wp-content\/uploads\/2015\/03\/90f69639f0add91e61380cfb70c7c776-e1451334286456.jpg\" width=\"598\" height=\"359\" \/><\/a><p id=\"caption-attachment-77835\" class=\"wp-caption-text\">O Concurso do IBGE 2015 est\u00e1 oferecendo 600 vagas com sal\u00e1rios que chegam \u00e0 R$8.000,00. Provas ser\u00e3o em abril de 2016. (Foto: Divulga\u00e7\u00e3o\/ IBGE)<\/p><\/div>\n<p style=\"text-align: justify;\"><strong>Cargo para Analista \u2013 N\u00edvel superior<\/strong><br \/>\n\u2022 90 vagas: Analista de Planejamento, Gest\u00e3o e Infraestrutura em Informa\u00e7\u00f5es Geogr\u00e1ficas e Estat\u00edstica. Sal\u00e1rio inicial de R$7.000,49<\/p>\n<p style=\"text-align: justify;\"><strong>Cargo de Tecnologista \u2013 N\u00edvel superior<\/strong><br \/>\n\u2022 50 vagas: Tecnologista em Informa\u00e7\u00f5es Geogr\u00e1ficas e Estat\u00edstica. Sal\u00e1rio de R$7.00,49<\/p>\n<p style=\"text-align: justify;\"><strong>Cargo de T\u00e9cnico \u2013 N\u00edvel m\u00e9dio<\/strong><br \/>\n\u2022 460 vagas: T\u00e9cnico em Informa\u00e7\u00f5es Geogr\u00e1ficas e Estat\u00edstica. Sal\u00e1rio inicial de R$3.098,85. Os T\u00e9cnicos recebem gratifica\u00e7\u00e3o por qualifica\u00e7\u00e3o (GQ) que soma aos vencimentos R$426,36 (n\u00edvel I), R$810,08 (n\u00edvel II) e R$1.539,16 (n\u00edvel III)<\/p>\n<p style=\"text-align: justify;\">Os Analistas e Tecnologistas recebem ainda retribui\u00e7\u00e3o por titula\u00e7\u00e3o (RT) que vai de R$392,92 para aqueles com especializa\u00e7\u00e3o, R$785,84 para Mestres e de R$1.734,39 para Doutores.<\/p>\n<p style=\"text-align: justify;\">As inscri\u00e7\u00f5es podem ser feitas no site &#8211; <a href=\"http:\/\/fgvprojetos.fgv.br\/concursos\/ibge\" target=\"_blank\"><strong>www.fgv.br\/fgvprojetos\/concursos\/ibge<\/strong><\/a> &#8211; do dia 04 de janeiro a 28 de janeiro de 2016. A taxa de participa\u00e7\u00e3o \u00e9 de R$69,00 (n\u00edvel superior) e R$49,00 (n\u00edvel m\u00e9dio)<\/p>\n<p style=\"text-align: justify;\">As provas ser\u00e3o realizadas no dia 10 de abril para os candidatos de n\u00edvel superior e no dia 17 de abril para os candidatos de n\u00edvel m\u00e9dio, em locais e hor\u00e1rios a serem divulgados no dia 4 e 11 de abril de 2016.<\/p>\n<p style=\"text-align: justify;\">O concurso ter\u00e1 validade de um ano, podendo ser prorrogado por igual per\u00edodo, a crit\u00e9rio do Instituto Brasileiro de Geografia e Estat\u00edstica.<\/p>\n<p style=\"text-align: justify;\"><strong><em>Acompanhe o SE Not\u00edcias no\u00a0<a href=\"https:\/\/twitter.com\/Senoticias\" target=\"_blank\">Twitter<\/a>\u00a0e no\u00a0<a href=\"https:\/\/www.facebook.com\/PortalSENoticias\/\" target=\"_blank\">Facebook<\/a><\/em><\/strong><\/p>\n<p style=\"text-align: justify;\"><em><strong>por Reda\u00e7\u00e3o Elo Concursos<\/strong><\/em><\/p>\n","protected":false},"excerpt":{"rendered":"<p>&nbsp; Nesta segunda-feira, 28 de dezembro, foram divulgados no Di\u00e1rio Oficial da Uni\u00e3o os editais para o Concurso do IBGE 2016. A oferta \u00e9 de 600 vagas para os cargos de T\u00e9cnico, Analista e Tecnologista para diversas regi\u00f5es. Cargo para Analista \u2013 N\u00edvel superior \u2022 90 vagas: Analista de Planejamento, Gest\u00e3o e Infraestrutura em Informa\u00e7\u00f5es [&hellip;]<\/p>\n","protected":false},"author":1,"featured_media":77835,"comment_status":"closed","ping_status":"closed","sticky":false,"template":"","format":"standard","meta":{"footnotes":""},"categories":[9,6,1],"tags":[],"class_list":{"0":"post-87409","1":"post","2":"type-post","3":"status-publish","4":"format-standard","5":"has-post-thumbnail","7":"category-concursos","8":"category-politica","9":"category-sem-categoria"},"_links":{"self":[{"href":"https:\/\/senoticias.com.br\/se\/wp-json\/wp\/v2\/posts\/87409"}],"collection":[{"href":"https:\/\/senoticias.com.br\/se\/wp-json\/wp\/v2\/posts"}],"about":[{"href":"https:\/\/senoticias.com.br\/se\/wp-json\/wp\/v2\/types\/post"}],"author":[{"embeddable":true,"href":"https:\/\/senoticias.com.br\/se\/wp-json\/wp\/v2\/users\/1"}],"replies":[{"embeddable":true,"href":"https:\/\/senoticias.com.br\/se\/wp-json\/wp\/v2\/comments?post=87409"}],"version-history":[{"count":0,"href":"https:\/\/senoticias.com.br\/se\/wp-json\/wp\/v2\/posts\/87409\/revisions"}],"wp:featuredmedia":[{"embeddable":true,"href":"https:\/\/senoticias.com.br\/se\/wp-json\/wp\/v2\/media\/77835"}],"wp:attachment":[{"href":"https:\/\/senoticias.com.br\/se\/wp-json\/wp\/v2\/media?parent=87409"}],"wp:term":[{"taxonomy":"category","embeddable":true,"href":"https:\/\/senoticias.com.br\/se\/wp-json\/wp\/v2\/categories?post=87409"},{"taxonomy":"post_tag","embeddable":true,"href":"https:\/\/senoticias.com.br\/se\/wp-json\/wp\/v2\/tags?post=87409"}],"curies":[{"name":"wp","href":"https:\/\/api.w.org\/{rel}","templated":true}]}}