{"id":87405,"date":"2015-12-28T14:12:33","date_gmt":"2015-12-28T17:12:33","guid":{"rendered":"http:\/\/senoticias.com.br\/se\/?p=87405"},"modified":"2015-12-28T14:17:29","modified_gmt":"2015-12-28T17:17:29","slug":"mudancas-no-calendario-de-pagamento-do-licenciamentoipva-2016","status":"publish","type":"post","link":"https:\/\/senoticias.com.br\/se\/mudancas-no-calendario-de-pagamento-do-licenciamentoipva-2016\/","title":{"rendered":"Mudan\u00e7as no calend\u00e1rio de pagamento do Licenciamento\/IPVA 2016"},"content":{"rendered":"<div id=\"attachment_87407\" style=\"width: 310px\" class=\"wp-caption alignright\"><a href=\"http:\/\/senoticias.com.br\/se\/wp-content\/uploads\/2015\/12\/licenciamento.jpg\"><img loading=\"lazy\" decoding=\"async\" aria-describedby=\"caption-attachment-87407\" class=\"size-medium wp-image-87407\" alt=\"Documentos ser\u00e3o entregues na resid\u00eancia do propriet\u00e1rio. (Foto: Reprodu\u00e7\u00e3o\/Net)\" src=\"http:\/\/senoticias.com.br\/se\/wp-content\/uploads\/2015\/12\/licenciamento-300x181.jpg\" width=\"300\" height=\"181\" srcset=\"https:\/\/senoticias.com.br\/se\/wp-content\/uploads\/2015\/12\/licenciamento-300x181.jpg 300w, https:\/\/senoticias.com.br\/se\/wp-content\/uploads\/2015\/12\/licenciamento-342x207.jpg 342w, https:\/\/senoticias.com.br\/se\/wp-content\/uploads\/2015\/12\/licenciamento.jpg 500w\" sizes=\"(max-width: 300px) 100vw, 300px\" \/><\/a><p id=\"caption-attachment-87407\" class=\"wp-caption-text\">Documentos ser\u00e3o entregues na resid\u00eancia do propriet\u00e1rio. (Foto: Reprodu\u00e7\u00e3o\/Net)<\/p><\/div>\n<p style=\"text-align: justify;\">Em 2016, os\u00a0propriet\u00e1rios\u00a0de ve\u00edculos em Sergipe devem estar atentos \u00e0s mudan\u00e7as no calend\u00e1rio de Licenciamento Anual do Departamento Estadual de Tr\u00e2nsito \u2013 Detran\/SE. De acordo com altera\u00e7\u00f5es realizadas pela Secretaria de Estado da Fazenda &#8211; Sefaz -, os ve\u00edculos com final de placa 1 e 2 ter\u00e3o desconto de 10% no Imposto sobre a Propriedade de Ve\u00edculos Automotores &#8211; IPVA &#8211; se pagarem em cota \u00fanica at\u00e9 o dia 29 de janeiro. Os Documentos \u00danicos de Arrecada\u00e7\u00e3o &#8211; DUA &#8211; come\u00e7ar\u00e3o a ser entregues no endere\u00e7o dos propriet\u00e1rios a partir do dia 15, mas podem ser impressos desde o primeiro dia \u00fatil do ano no Portal de Autoatendimento do Detran, nos totens de autoatendimento, no Banese ou no atendimento presencial da autarquia por agendamento.<\/p>\n<p style=\"text-align: justify;\">Caso o\u00a0propriet\u00e1rio\u00a0escolha pagar o licenciamento no m\u00eas correspondente \u00e0 termina\u00e7\u00e3o de placa de seu ve\u00edculo, n\u00e3o ter\u00e1 direito ao desconto, mas n\u00e3o ser\u00e3o cobrados juros e multas at\u00e9 o \u00faltimo dia \u00fatil do m\u00eas. Outra op\u00e7\u00e3o para o usu\u00e1rio \u00e9 parcelar em at\u00e9 tr\u00eas vezes o pagamento, sem desconto. Assim, ve\u00edculos com final de placa 1 e 2, por exemplo, cujo m\u00eas correspondente da placa \u00e9 mar\u00e7o, devem iniciar o parcelamento em janeiro. Para isso, \u00e9 necess\u00e1rio que a pessoa solicite com anteced\u00eancia essa op\u00e7\u00e3o no site do Detran\/SE (<a href=\"http:\/\/www.detran.se.gov.br\/novo_inicio.asp\" target=\"_blank\"><strong>www.detran.se.gov.br<\/strong><\/a>).<\/p>\n<p style=\"text-align: justify;\">O\u00a0diretor-presidente em exerc\u00edcio do Detran\/SE, Marcos Sampaio, destaca a import\u00e2ncia de os propriet\u00e1rios de ve\u00edculos se programarem. &#8220;\u00c9 preciso que as pessoas acompanhem o calend\u00e1rio de Licenciamento 2016 e escolham a melhor op\u00e7\u00e3o de pagamento, seja com desconto, parcelado ou integral no m\u00eas correspondente \u00e0 placa de seu ve\u00edculo. Outro ponto relevante \u00e9 que os propriet\u00e1rios mantenham seus endere\u00e7os atualizados no cadastro do Detran para que o DUA possa chegar \u00e0s suas resid\u00eancias&#8221;, aponta.<\/p>\n<p style=\"text-align: justify;\">Para requerer o\u00a0servi\u00e7o\u00a0de Licenciamento Anual, basta acessar o portal de Autoatendimento da autarquia e clicar em &#8216;Servi\u00e7os de Ve\u00edculo&#8217;. No campo &#8216;Licenciamento Anual\/IPVA&#8217;, o interessado deve selecionar o tipo pagamento, via Banese ou outros bancos, preencher os dados, imprimir o boleto e efetuar a quita\u00e7\u00e3o.<\/p>\n<p style=\"text-align: justify;\"><strong><em>Acompanhe o SE Not\u00edcias no\u00a0<a href=\"https:\/\/twitter.com\/Senoticias\" target=\"_blank\">Twitter<\/a>\u00a0e no\u00a0<a href=\"https:\/\/www.facebook.com\/senoticias1\" target=\"_blank\">Facebook<\/a><\/em><\/strong><\/p>\n<p style=\"text-align: justify;\"><strong><em>Ascom\/Detran\/SE<\/em><\/strong><\/p>\n","protected":false},"excerpt":{"rendered":"<p>Em 2016, os\u00a0propriet\u00e1rios\u00a0de ve\u00edculos em Sergipe devem estar atentos \u00e0s mudan\u00e7as no calend\u00e1rio de Licenciamento Anual do Departamento Estadual de Tr\u00e2nsito \u2013 Detran\/SE. De acordo com altera\u00e7\u00f5es realizadas pela Secretaria de Estado da Fazenda &#8211; Sefaz -, os ve\u00edculos com final de placa 1 e 2 ter\u00e3o desconto de 10% no Imposto sobre a Propriedade [&hellip;]<\/p>\n","protected":false},"author":1,"featured_media":87407,"comment_status":"closed","ping_status":"closed","sticky":false,"template":"","format":"standard","meta":{"footnotes":""},"categories":[6,1],"tags":[],"class_list":{"0":"post-87405","1":"post","2":"type-post","3":"status-publish","4":"format-standard","5":"has-post-thumbnail","7":"category-politica","8":"category-sem-categoria"},"_links":{"self":[{"href":"https:\/\/senoticias.com.br\/se\/wp-json\/wp\/v2\/posts\/87405"}],"collection":[{"href":"https:\/\/senoticias.com.br\/se\/wp-json\/wp\/v2\/posts"}],"about":[{"href":"https:\/\/senoticias.com.br\/se\/wp-json\/wp\/v2\/types\/post"}],"author":[{"embeddable":true,"href":"https:\/\/senoticias.com.br\/se\/wp-json\/wp\/v2\/users\/1"}],"replies":[{"embeddable":true,"href":"https:\/\/senoticias.com.br\/se\/wp-json\/wp\/v2\/comments?post=87405"}],"version-history":[{"count":0,"href":"https:\/\/senoticias.com.br\/se\/wp-json\/wp\/v2\/posts\/87405\/revisions"}],"wp:featuredmedia":[{"embeddable":true,"href":"https:\/\/senoticias.com.br\/se\/wp-json\/wp\/v2\/media\/87407"}],"wp:attachment":[{"href":"https:\/\/senoticias.com.br\/se\/wp-json\/wp\/v2\/media?parent=87405"}],"wp:term":[{"taxonomy":"category","embeddable":true,"href":"https:\/\/senoticias.com.br\/se\/wp-json\/wp\/v2\/categories?post=87405"},{"taxonomy":"post_tag","embeddable":true,"href":"https:\/\/senoticias.com.br\/se\/wp-json\/wp\/v2\/tags?post=87405"}],"curies":[{"name":"wp","href":"https:\/\/api.w.org\/{rel}","templated":true}]}}